
{"id":40420,"date":"2022-02-28T11:09:27","date_gmt":"2022-02-28T10:09:27","guid":{"rendered":"http:\/\/castegnaro.preprod.web-sites.lu\/?p=40420"},"modified":"2022-09-13T11:41:21","modified_gmt":"2022-09-13T09:41:21","slug":"loi-portant-modification-de-la-loi-modifiee-du-22-janvier-2021-concernant-le-conge-pour-raisons-familiales","status":"publish","type":"post","link":"https:\/\/castegnaro.preprod.web-sites.lu\/de\/loi-portant-modification-de-la-loi-modifiee-du-22-janvier-2021-concernant-le-conge-pour-raisons-familiales\/","title":{"rendered":"Loi portant modification de la loi modifi\u00e9e du 22 janvier 2021 concernant le cong\u00e9 pour raisons familiales"},"content":{"rendered":"<div name=\"module-insight-bloc-paragraph\" class=\"container-px-25 mt-30 paragraph-body-small lg:mt-20 lg:text-20\">\n    \n    <p>Newsflash<\/p>\n<p>Le Projet de loi n\u00b07969 portant modification de la loi modifi\u00e9e du 22 janvier 2021 (ci-apr\u00e8s, le \u00ab <strong>Projet de loi<\/strong> \u00bb) a \u00e9t\u00e9 vot\u00e9 \u00e0 la Chambre des d\u00e9put\u00e9s le 24 f\u00e9vrier 2022.<\/p>\n<p>\u00c0 titre de rappel, depuis la loi du 22 janvier 2021[1], peuvent notamment pr\u00e9tendre au cong\u00e9 pour raisons familiales les salari\u00e9s ayant \u00e0 charge :<\/p>\n<ul>\n<li>un enfant vuln\u00e9rable \u00e0 condition de produire <strong>un certificat m\u00e9dical attestant cette vuln\u00e9rabilit\u00e9 et la contre-indication de fr\u00e9quenter l\u2019\u00e9cole ou une structure d\u2019\u00e9ducation et d\u2019accueil ;<\/strong><\/li>\n<li>un enfant de moins de treize ans accomplis qui, pour des raisons li\u00e9es \u00e0 la crise sanitaire, ne peut fr\u00e9quenter l&rsquo;\u00e9cole ou une structure d&rsquo;\u00e9ducation et d&rsquo;accueil ou qui b\u00e9n\u00e9ficie d&rsquo;un enseignement \u00e0 distance \u00e0 condition de produire un <strong>certificat attestant la situation donn\u00e9e \u00e9mis par le Minist\u00e8re de l&rsquo;\u00e9ducation nationale, de l&rsquo;enfance et de la jeunesse ;<\/strong><\/li>\n<li>\n            <strong>un enfant n\u00e9 apr\u00e8s le 1er septembre 2016.<\/strong><\/li>\n<\/ul>\n<p><\/p>\n<p>Cette loi avait \u00e9t\u00e9 prolong\u00e9e \u00e0 plusieurs reprises du fait de l\u2019\u00e9volution rapide de l\u2019\u00e9pid\u00e9mie de Covid-19. La derni\u00e8re prolongation avait \u00e9t\u00e9 introduite par une loi du 16 d\u00e9cembre 2021 et reste applicable jusqu\u2019au 28 f\u00e9vrier 2022.<\/p>\n<p>Cette nouvelle loi prolonge les dispositions d\u00e9rogatoires introduites par la loi du 22 janvier 2021 jusqu\u2019au 30 avril 2022.<\/p>\n<p>La nouvelle loi entre en vigueur le <strong>1er mars 2022. <\/strong><\/p>\n   \n<\/div>","protected":false},"excerpt":{"rendered":"","protected":false},"author":8,"featured_media":0,"comment_status":"closed","ping_status":"closed","sticky":false,"template":"","format":"standard","meta":{"footnotes":""},"categories":[1],"tags":[],"country":[],"class_list":["post-40420","post","type-post","status-publish","format-standard","hentry","category-article","entry"],"_links":{"self":[{"href":"https:\/\/castegnaro.preprod.web-sites.lu\/de\/wp-json\/wp\/v2\/posts\/40420","targetHints":{"allow":["GET"]}}],"collection":[{"href":"https:\/\/castegnaro.preprod.web-sites.lu\/de\/wp-json\/wp\/v2\/posts"}],"about":[{"href":"https:\/\/castegnaro.preprod.web-sites.lu\/de\/wp-json\/wp\/v2\/types\/post"}],"author":[{"embeddable":true,"href":"https:\/\/castegnaro.preprod.web-sites.lu\/de\/wp-json\/wp\/v2\/users\/8"}],"replies":[{"embeddable":true,"href":"https:\/\/castegnaro.preprod.web-sites.lu\/de\/wp-json\/wp\/v2\/comments?post=40420"}],"version-history":[{"count":27,"href":"https:\/\/castegnaro.preprod.web-sites.lu\/de\/wp-json\/wp\/v2\/posts\/40420\/revisions"}],"predecessor-version":[{"id":40465,"href":"https:\/\/castegnaro.preprod.web-sites.lu\/de\/wp-json\/wp\/v2\/posts\/40420\/revisions\/40465"}],"wp:attachment":[{"href":"https:\/\/castegnaro.preprod.web-sites.lu\/de\/wp-json\/wp\/v2\/media?parent=40420"}],"wp:term":[{"taxonomy":"category","embeddable":true,"href":"https:\/\/castegnaro.preprod.web-sites.lu\/de\/wp-json\/wp\/v2\/categories?post=40420"},{"taxonomy":"post_tag","embeddable":true,"href":"https:\/\/castegnaro.preprod.web-sites.lu\/de\/wp-json\/wp\/v2\/tags?post=40420"},{"taxonomy":"country","embeddable":true,"href":"https:\/\/castegnaro.preprod.web-sites.lu\/de\/wp-json\/wp\/v2\/country?post=40420"}],"curies":[{"name":"wp","href":"https:\/\/api.w.org\/{rel}","templated":true}]}}