
{"id":40630,"date":"2021-09-16T15:16:40","date_gmt":"2021-09-16T13:16:40","guid":{"rendered":"http:\/\/castegnaro.preprod.web-sites.lu\/?p=40630"},"modified":"2022-09-13T11:44:30","modified_gmt":"2022-09-13T09:44:30","slug":"coronavirus-prolongation-du-conge-pour-raisons-familiales-jusquau-18-octobre-2021","status":"publish","type":"post","link":"https:\/\/castegnaro.preprod.web-sites.lu\/de\/coronavirus-prolongation-du-conge-pour-raisons-familiales-jusquau-18-octobre-2021\/","title":{"rendered":"Coronavirus : prolongation du cong\u00e9 pour raisons familiales jusqu\u2019au 18 octobre 2021"},"content":{"rendered":"<div name=\"module-insight-bloc-paragraph\" class=\"container-px-25 mt-30 paragraph-body-small lg:mt-20 lg:text-20\">\n    \n    <p>La\u00a0<a href=\"https:\/\/legilux.public.lu\/eli\/etat\/leg\/loi\/2021\/09\/14\/a669\/jo\">Loi du 14 Septembre 2021<\/a><a title=\"\" href=\"https:\/\/www.castegnaro.lu\/fr\/news-events\/m\/a\/coronavirus-prolongation-du-conge-pour-raisons-familiales-jusquau-18-octobre-2021\/#_ftn1\" name=\"_ftnref1\">[1]<\/a>\u00a0a \u00e9t\u00e9 publi\u00e9e au M\u00e9morial A n\u00b0 669 du m\u00eame jour et est entr\u00e9e en vigueur le 15 septembre 2021.<\/p>\n<p>La Loi pr\u00e9voit notamment que le dispositif du cong\u00e9 pour raisons familiales extraordinaire mis en place dans le contexte de la pand\u00e9mie Covid-19 (cf. notamment notre\u00a0<a href=\"https:\/\/www.castegnaro.lu\/fr\/news-events\/m\/a\/coronavirus-prolongation-du-conge-pour-raisons-familiales-extraordinaire-jusquau-17-juillet-2021\/\">Newsflash du 6 avril 2021<\/a>), qui devait cesser de s\u2019appliquer au 15 septembre 2021, est\u00a0<strong>prolong\u00e9 jusqu\u2019au 18 octobre 2021 inclus<\/strong>.<\/p>\n<p>&nbsp;<\/p>\n<div>\n<hr align=\"left\" size=\"1\" width=\"33%\" \/>\n<div id=\"ftn1\">\n<p><a title=\"\" href=\"https:\/\/www.castegnaro.lu\/fr\/news-events\/m\/a\/coronavirus-prolongation-du-conge-pour-raisons-familiales-jusquau-18-octobre-2021\/#_ftnref1\" name=\"_ftn1\">[1]<\/a>\u00a0Loi du 14 septembre 2021 portant modification : 1\u00b0 de la loi modifi\u00e9e du 17 juillet 2020 sur les mesures de lutte contre la pand\u00e9mie Covid-19 ; 2\u00b0 de la loi modifi\u00e9e du 6 janvier 1995 relative \u00e0 la distribution en gros des m\u00e9dicaments ; 3\u00b0 de la loi modifi\u00e9e du 22 janvier 2021 portant : 1\u00b0 modification des articles L. 234-51, L. 234-52 et L. 234-53 du Code du travail ; 2\u00b0 d\u00e9rogation temporaire aux dispositions des articles L. 234-51, L. 234-52 et L. 234-53 du Code du travail.<\/p>\n<\/div>\n<\/div>\n   \n<\/div>","protected":false},"excerpt":{"rendered":"","protected":false},"author":8,"featured_media":0,"comment_status":"closed","ping_status":"closed","sticky":false,"template":"","format":"standard","meta":{"footnotes":""},"categories":[1],"tags":[],"country":[],"class_list":["post-40630","post","type-post","status-publish","format-standard","hentry","category-article","entry"],"_links":{"self":[{"href":"https:\/\/castegnaro.preprod.web-sites.lu\/de\/wp-json\/wp\/v2\/posts\/40630","targetHints":{"allow":["GET"]}}],"collection":[{"href":"https:\/\/castegnaro.preprod.web-sites.lu\/de\/wp-json\/wp\/v2\/posts"}],"about":[{"href":"https:\/\/castegnaro.preprod.web-sites.lu\/de\/wp-json\/wp\/v2\/types\/post"}],"author":[{"embeddable":true,"href":"https:\/\/castegnaro.preprod.web-sites.lu\/de\/wp-json\/wp\/v2\/users\/8"}],"replies":[{"embeddable":true,"href":"https:\/\/castegnaro.preprod.web-sites.lu\/de\/wp-json\/wp\/v2\/comments?post=40630"}],"version-history":[{"count":2,"href":"https:\/\/castegnaro.preprod.web-sites.lu\/de\/wp-json\/wp\/v2\/posts\/40630\/revisions"}],"predecessor-version":[{"id":40632,"href":"https:\/\/castegnaro.preprod.web-sites.lu\/de\/wp-json\/wp\/v2\/posts\/40630\/revisions\/40632"}],"wp:attachment":[{"href":"https:\/\/castegnaro.preprod.web-sites.lu\/de\/wp-json\/wp\/v2\/media?parent=40630"}],"wp:term":[{"taxonomy":"category","embeddable":true,"href":"https:\/\/castegnaro.preprod.web-sites.lu\/de\/wp-json\/wp\/v2\/categories?post=40630"},{"taxonomy":"post_tag","embeddable":true,"href":"https:\/\/castegnaro.preprod.web-sites.lu\/de\/wp-json\/wp\/v2\/tags?post=40630"},{"taxonomy":"country","embeddable":true,"href":"https:\/\/castegnaro.preprod.web-sites.lu\/de\/wp-json\/wp\/v2\/country?post=40630"}],"curies":[{"name":"wp","href":"https:\/\/api.w.org\/{rel}","templated":true}]}}