
{"id":40935,"date":"2022-04-22T12:08:00","date_gmt":"2022-04-22T10:08:00","guid":{"rendered":"https:\/\/castegnaro.preprod.web-sites.lu\/?p=40935"},"modified":"2022-09-13T12:10:42","modified_gmt":"2022-09-13T10:10:42","slug":"niveau-du-salaire-social-minimum-a-partir-du-1er-avril-2022","status":"publish","type":"post","link":"https:\/\/castegnaro.preprod.web-sites.lu\/de\/niveau-du-salaire-social-minimum-a-partir-du-1er-avril-2022\/","title":{"rendered":"Niveau du salaire social minimum \u00e0 partir du 1er avril 2022"},"content":{"rendered":"<div name=\"module-insight-bloc-paragraph\" class=\"container-px-25 mt-30 paragraph-body-small lg:mt-20 lg:text-20\">\n    \n    <p>Dans un\u00a0communiqu\u00e9 publi\u00e9 au Journal Officiel du Grand-Duch\u00e9 du Luxembourg, le Minist\u00e8re du Travail, de l\u2019Emploi et de l\u2019\u00c9conomie a fix\u00e9\u00a0<strong>le niveau du salaire social minimum<\/strong>\u00a0correspondant \u00e0 la cote d\u2019application 877,01 comme suit\u00a0:<\/p>\n<table border=\"0\" width=\"100%\" cellspacing=\"0\" cellpadding=\"0\">\n<tbody>\n<tr>\n<td>\n<table border=\"1\" width=\"100%\" cellspacing=\"0\" cellpadding=\"0\">\n<tbody>\n<tr>\n<td>\n<p align=\"center\"><em>\u00c2ge<\/em><\/p>\n<\/td>\n<td>\n<p align=\"center\"><em>Taux Mensuel<\/em><\/p>\n<\/td>\n<td>\n<p align=\"center\"><em>Taux Horaire<\/em><\/p>\n<\/td>\n<\/tr>\n<tr>\n<td>\u00e0 partir de 18 ans accomplis<\/td>\n<td>\n<p align=\"center\"><strong>2.313,38<\/strong><\/p>\n<\/td>\n<td>\n<p align=\"center\"><strong>13,3721<\/strong><\/p>\n<\/td>\n<\/tr>\n<tr>\n<td>de 17 \u00e0 18 ans<\/td>\n<td>\n<p align=\"center\"><strong>1.850,70<\/strong><\/p>\n<\/td>\n<td>\n<p align=\"center\"><strong>10,6977<\/strong><\/p>\n<\/td>\n<\/tr>\n<tr>\n<td>de 15 \u00e0 17 ans<\/td>\n<td>\n<p align=\"center\"><strong>1.735,03<\/strong><\/p>\n<\/td>\n<td>\n<p align=\"center\"><strong>10,0291<\/strong><\/p>\n<\/td>\n<\/tr>\n<\/tbody>\n<\/table>\n<\/td>\n<\/tr>\n<\/tbody>\n<\/table>\n<p>Le niveau du salaire social minimum pour salari\u00e9s qualifi\u00e9s est fix\u00e9 \u00e0 2.776,05 \u20ac par mois \u00e0 partir du 1<sup>st<\/sup>\u00a0avril 2022.<\/p>\n<p>En outre, nous vous invitons \u00e0 consulter notre\u00a0newsflash\u00a0du 30 mars 2022 concernant l\u2019adaptation des diff\u00e9rents seuils et plafonds pr\u00e9vus par la loi suite \u00e0 l\u2019indexation des salaires au 1<sup>st<\/sup>\u00a0avril 2022.<\/p>\n   \n<\/div>","protected":false},"excerpt":{"rendered":"","protected":false},"author":8,"featured_media":0,"comment_status":"closed","ping_status":"closed","sticky":false,"template":"","format":"standard","meta":{"footnotes":""},"categories":[1],"tags":[],"country":[],"class_list":["post-40935","post","type-post","status-publish","format-standard","hentry","category-article","entry"],"_links":{"self":[{"href":"https:\/\/castegnaro.preprod.web-sites.lu\/de\/wp-json\/wp\/v2\/posts\/40935","targetHints":{"allow":["GET"]}}],"collection":[{"href":"https:\/\/castegnaro.preprod.web-sites.lu\/de\/wp-json\/wp\/v2\/posts"}],"about":[{"href":"https:\/\/castegnaro.preprod.web-sites.lu\/de\/wp-json\/wp\/v2\/types\/post"}],"author":[{"embeddable":true,"href":"https:\/\/castegnaro.preprod.web-sites.lu\/de\/wp-json\/wp\/v2\/users\/8"}],"replies":[{"embeddable":true,"href":"https:\/\/castegnaro.preprod.web-sites.lu\/de\/wp-json\/wp\/v2\/comments?post=40935"}],"version-history":[{"count":3,"href":"https:\/\/castegnaro.preprod.web-sites.lu\/de\/wp-json\/wp\/v2\/posts\/40935\/revisions"}],"predecessor-version":[{"id":40938,"href":"https:\/\/castegnaro.preprod.web-sites.lu\/de\/wp-json\/wp\/v2\/posts\/40935\/revisions\/40938"}],"wp:attachment":[{"href":"https:\/\/castegnaro.preprod.web-sites.lu\/de\/wp-json\/wp\/v2\/media?parent=40935"}],"wp:term":[{"taxonomy":"category","embeddable":true,"href":"https:\/\/castegnaro.preprod.web-sites.lu\/de\/wp-json\/wp\/v2\/categories?post=40935"},{"taxonomy":"post_tag","embeddable":true,"href":"https:\/\/castegnaro.preprod.web-sites.lu\/de\/wp-json\/wp\/v2\/tags?post=40935"},{"taxonomy":"country","embeddable":true,"href":"https:\/\/castegnaro.preprod.web-sites.lu\/de\/wp-json\/wp\/v2\/country?post=40935"}],"curies":[{"name":"wp","href":"https:\/\/api.w.org\/{rel}","templated":true}]}}