
{"id":40952,"date":"2022-05-10T12:22:56","date_gmt":"2022-05-10T10:22:56","guid":{"rendered":"https:\/\/castegnaro.preprod.web-sites.lu\/?p=40952"},"modified":"2022-12-06T16:44:35","modified_gmt":"2022-12-06T15:44:35","slug":"proposition-de-loi-relative-au-travail-fourni-par-lintermediaire-dune-plateforme","status":"publish","type":"post","link":"https:\/\/castegnaro.preprod.web-sites.lu\/de\/proposition-de-loi-relative-au-travail-fourni-par-lintermediaire-dune-plateforme\/","title":{"rendered":"Gesetzesvorschlag \u00fcber Arbeit, die \u00fcber eine Plattform vermittelt wird"},"content":{"rendered":"<div name=\"module-insight-bloc-paragraph\" class=\"container-px-25 mt-30 paragraph-body-small lg:mt-20 lg:text-20\">\n    \n    <p>La\u00a0proposition de loi n\u00b08001\u00a0(<em>ci-apr\u00e8s \u00ab\u00a0<strong>La proposition de loi<\/strong>\u00a0\u00bb<\/em>) relative au travail fourni par l\u2019interm\u00e9diaire d\u2019une plateforme a \u00e9t\u00e9 d\u00e9pos\u00e9e le 4 mai 2022 \u00e0 la Chambre des d\u00e9put\u00e9s.<\/p>\n<p>La proposition de loi vise \u00e0 instaurer un\u00a0<strong>nouveau cadre l\u00e9gal national<\/strong>\u00a0afin de r\u00e9guler la relation de travail des personnes physiques qui prestent des services\/travaux par l\u2019interm\u00e9diaire de plateformes lorsque leur lieu de travail habituel est situ\u00e9 sur le territoire du Luxembourg.<\/p>\n<p>Les principales nouveaut\u00e9s introduites par la proposition de loi sont les suivantes :<\/p>\n<ul>\n<li><strong>\u00c0 qui ce nouveau cadre l\u00e9gal devrait-il s\u2019appliquer\u00a0?<\/strong><\/li>\n<\/ul>\n<p>Cette nouvelle loi a vocation \u00e0 s\u2019appliquer \u00e0 la relation de travail de\u00a0<strong>personnes prestant des services\/travaux<\/strong>\u00a0par\u00a0<strong>l\u2019interm\u00e9diaire d\u2019une plateforme num\u00e9rique<\/strong>\u00a0et qualifi\u00e9es de salari\u00e9s de la plateforme num\u00e9rique au sens des nouvelles dispositions nationales lorsque\u00a0<strong>leur lieu de travail habituel est situ\u00e9 sur le territoire national ou lorsque leur lieu de travail virtuel est situ\u00e9 sur le territoire national<\/strong>.<\/p>\n<p>La proposition de loi apporte les d\u00e9finitions suivantes\u00a0:<\/p>\n<ul>\n<li>The\u00a0<strong>personne prestant un service\/travail<\/strong>\u00a0par l\u2019interm\u00e9diaire d\u2019une plateforme s\u2019entend comme \u00ab\u00a0<strong>une personne physique<\/strong>\u00a0qui\u00a0<strong>preste un service\/travail au b\u00e9n\u00e9fice d\u2019une autre personne physique ou morale<\/strong>, appel\u00e9e le b\u00e9n\u00e9ficiaire,\u00a0<strong>par l\u2019interm\u00e9diaire d\u2019une plateforme<\/strong>\u00a0\u00bb.<\/li>\n<li>The\u00a0<strong>plateforme<\/strong>\u00a0d\u00e9signe \u00ab\u00a0toute\u00a0<strong>personne physique ou morale<\/strong>\u00a0qui\u00a0<strong>organise des prestations de service\/travail \u00e0 son propre b\u00e9n\u00e9fice ou au b\u00e9n\u00e9fice d\u2019autres personnes physiques ou morales appel\u00e9es le ou les b\u00e9n\u00e9ficiaires<\/strong>\u00a0et\u00a0<strong>qui met en relation une personne prestant un travail\/service<\/strong>\u00a0par son interm\u00e9diaire et\u00a0<strong>le b\u00e9n\u00e9ficiaire<\/strong>\u00a0en se servant d\u2019une vitrine digitale ou d&rsquo;un quelconque moyen \u00e9lectronique et qui est le potentiel employeur de la personne prestant un travail\/service\u00a0\u00bb.<\/li>\n<li>La notion de lieu de travail virtuel d\u00e9signe \u00ab\u00a0<strong>le lieu de r\u00e9ception de la prestation de service par le b\u00e9n\u00e9ficiaire de la prestation de service\/travail<\/strong>\u00a0effectu\u00e9e par la personne prestant un service\/travail par l\u2019interm\u00e9diaire d\u2019une plateforme, sans que la personne prestant un service\/travail par l\u2019interm\u00e9diaire d\u2019une plateforme ne se soit d\u00e9plac\u00e9e dans le pays o\u00f9 se situe la r\u00e9ception de la prestation\u00a0\u00bb.<\/li>\n<\/ul>\n<p>&nbsp;<\/p>\n<ul>\n<li>\u200b\u200b\u200b\u200b\u200b\u200b\u200b\u200b\u200b\u200b\u200b\u200b\u200b\u200b\u200b\u200b\u200b\u200b\u200b\u200b\u200b<strong>Contrat de travail entre la plateforme et le prestataire de service\/travail\u00a0?<\/strong><\/li>\n<\/ul>\n<p>La proposition de loi pose des crit\u00e8res pour d\u00e9terminer si un travail est prest\u00e9 par l\u2019interm\u00e9diaire d\u2019une plateforme et cr\u00e9e\u00a0<strong><u>une pr\u00e9somption d\u2019existence de contrat de travail d\u00e8s qu\u2019un ou plusieurs des crit\u00e8res \u00e9nonc\u00e9s sont remplis<\/u><\/strong>. Cette pr\u00e9somption peut \u00eatre renvers\u00e9e par la plateforme en d\u00e9montrant qu\u2019il n\u2019existe pas de contrat de travail.<\/p>\n<p>N\u00e9anmoins, lorsqu\u2019<strong>au moins trois des crit\u00e8res \u00e9nonc\u00e9s sont remplis<\/strong>,\u00a0<strong>l\u2019existence du contrat de travail au sens de l\u2019article L.121-1 du Code du travail est \u00e9tablie<\/strong>, sans\u00a0<strong>que la preuve contraire ne puisse \u00eatre admise<\/strong>.<\/p>\n<p>Les crit\u00e8res d\u00e9termin\u00e9s au sein de la proposition de loi sont les suivants\u00a0:<\/p>\n<ul>\n<li>\u00ab\u00a0La plateforme s\u2019affiche sur le march\u00e9 en proposant le(s) service(s) ou le\/les travail\/travaux\u00a0\u00bb\u00a0;<\/li>\n<li>\u00ab\u00a0La plateforme fixe les conditions d\u2019acc\u00e8s (de la personne prestant ou \u00e9tant dispos\u00e9e \u00e0 prester le service\/travail) aux services\/travaux propos\u00e9s et command\u00e9s par son interm\u00e9diaire par le\/les b\u00e9n\u00e9ficiaire(s)\u00a0\u00bb\u00a0;<\/li>\n<li>\u00ab\u00a0La plateforme fixe les conditions et\/ou les limites de la r\u00e9mun\u00e9ration des services\/travaux\u00a0\u00bb\u00a0;<\/li>\n<li>\u00ab\u00a0La plateforme r\u00e9ceptionne le paiement du service\/travail \u00e0 rendre ou rendu par la personne prestant ou dispos\u00e9e \u00e0 prester un service\/travail par son interm\u00e9diaire\u00a0\u00bb\u00a0;<\/li>\n<li>\u00ab\u00a0La plateforme contr\u00f4le la qualit\u00e9 du travail\/service prest\u00e9 par la personne prestant ou dispos\u00e9 \u00e0 prester un service\/travail par l\u2019interm\u00e9diaire d\u2019une plateforme\u00a0\u00bb\u00a0;<\/li>\n<li>\u00ab\u00a0La plateforme \u00e9met une classification des personnes prestant ou dispos\u00e9es \u00e0 prester un service\/travail par son interm\u00e9diaire\u00a0\u00bb\u00a0;<\/li>\n<li>\u00ab La plateforme se charge des \u00e9changes entre le b\u00e9n\u00e9ficiaire et la personne prestant ou dispos\u00e9e \u00e0 prester un service\/travail par son interm\u00e9diaire\u00a0\u00bb\u00a0;<\/li>\n<li>\u00ab\u00a0La plateforme peut d\u00e9cider d\u2019exclure la personne prestant ou dispos\u00e9e \u00e0 prester un service\/travail par son interm\u00e9diaire et ne plus lui accorder l\u2019acc\u00e8s \u00e0 la plateforme\u00a0\u00bb.<\/li>\n<\/ul>\n<p><strong>L\u2019existence d\u2019un contrat de travail\u00a0<\/strong>entre la plateforme et la personne prestant un service\/travail\u00a0<strong>entra\u00eene l\u2019application du r\u00e9gime l\u00e9gal applicable aux salari\u00e9s<\/strong>\u00a0(avec adaptation aux conditions de travail particuli\u00e8res de la personne prestataire de service\/travail).<\/p>\n   \n<\/div>","protected":false},"excerpt":{"rendered":"","protected":false},"author":8,"featured_media":0,"comment_status":"closed","ping_status":"closed","sticky":false,"template":"","format":"standard","meta":{"footnotes":""},"categories":[1],"tags":[],"country":[],"class_list":["post-40952","post","type-post","status-publish","format-standard","hentry","category-article","entry"],"_links":{"self":[{"href":"https:\/\/castegnaro.preprod.web-sites.lu\/de\/wp-json\/wp\/v2\/posts\/40952","targetHints":{"allow":["GET"]}}],"collection":[{"href":"https:\/\/castegnaro.preprod.web-sites.lu\/de\/wp-json\/wp\/v2\/posts"}],"about":[{"href":"https:\/\/castegnaro.preprod.web-sites.lu\/de\/wp-json\/wp\/v2\/types\/post"}],"author":[{"embeddable":true,"href":"https:\/\/castegnaro.preprod.web-sites.lu\/de\/wp-json\/wp\/v2\/users\/8"}],"replies":[{"embeddable":true,"href":"https:\/\/castegnaro.preprod.web-sites.lu\/de\/wp-json\/wp\/v2\/comments?post=40952"}],"version-history":[{"count":4,"href":"https:\/\/castegnaro.preprod.web-sites.lu\/de\/wp-json\/wp\/v2\/posts\/40952\/revisions"}],"predecessor-version":[{"id":41276,"href":"https:\/\/castegnaro.preprod.web-sites.lu\/de\/wp-json\/wp\/v2\/posts\/40952\/revisions\/41276"}],"wp:attachment":[{"href":"https:\/\/castegnaro.preprod.web-sites.lu\/de\/wp-json\/wp\/v2\/media?parent=40952"}],"wp:term":[{"taxonomy":"category","embeddable":true,"href":"https:\/\/castegnaro.preprod.web-sites.lu\/de\/wp-json\/wp\/v2\/categories?post=40952"},{"taxonomy":"post_tag","embeddable":true,"href":"https:\/\/castegnaro.preprod.web-sites.lu\/de\/wp-json\/wp\/v2\/tags?post=40952"},{"taxonomy":"country","embeddable":true,"href":"https:\/\/castegnaro.preprod.web-sites.lu\/de\/wp-json\/wp\/v2\/country?post=40952"}],"curies":[{"name":"wp","href":"https:\/\/api.w.org\/{rel}","templated":true}]}}