
{"id":41294,"date":"2023-01-05T16:05:06","date_gmt":"2023-01-05T15:05:06","guid":{"rendered":"https:\/\/castegnaro.lu\/?p=41294"},"modified":"2023-01-05T16:05:06","modified_gmt":"2023-01-05T15:05:06","slug":"quelles-sont-les-nouveautes-en-matiere-du-droit-du-travail-au-luxembourg-au-1er-janvier-2023","status":"publish","type":"post","link":"https:\/\/castegnaro.preprod.web-sites.lu\/de\/quelles-sont-les-nouveautes-en-matiere-du-droit-du-travail-au-luxembourg-au-1er-janvier-2023\/","title":{"rendered":"Quelles sont les nouveaut\u00e9s en mati\u00e8re du droit du travail au Luxembourg au 1er janvier 2023 ?"},"content":{"rendered":"<div name=\"module-insight-bloc-paragraph\" class=\"container-px-25 mt-30 paragraph-body-small lg:mt-20 lg:text-20\">\n    \n    <p>Au 1<sup>st<\/sup> janvier 2023, diverses mesures sont entr\u00e9es en vigueur telles que\u00a0:<\/p>\n<ul>\n<li><strong>Augmentation du salaire social minimum et des revenus sociaux<\/strong><\/li>\n<\/ul>\n<p>Au 1<sup>st<\/sup> janvier 2023, le salaire social minimum, le revenu d\u2019inclusion sociale et le revenu pour personnes gravement handicap\u00e9es ont \u00e9t\u00e9 augment\u00e9s de 3,2%.<\/p>\n<p>Le salaire social minimum est donc de 2.387,40.-EUR pour un salari\u00e9 non qualifi\u00e9 et de 2.864,88.-EUR pour un salari\u00e9 qualifi\u00e9 (indice 877,01).<\/p>\n<ul>\n<li><strong>Abolition de l\u2019acompte en mati\u00e8re de cotisations sociales<\/strong><\/li>\n<\/ul>\n<p>L\u2019accord tripartite du 28 septembre 2022 avait pr\u00e9vu l&rsquo;abolition de l&rsquo;acompte sur cotisations de s\u00e9curit\u00e9 sociale au 1<sup>st<\/sup> janvier 2023.\u00a0Dans <a href=\"https:\/\/gouvernement.lu\/fr\/actualites\/toutes_actualites\/communiques\/2023\/01-janvier\/02-abolition-cotisations-sociales.html\">un communiqu\u00e9 dat\u00e9 du 2 janvier 2023<\/a>, le Gouvernement pr\u00e9cise que cette mesure \u00ab\u00a0<em>repr\u00e9sente pour les employeurs et les personnes exer\u00e7ant une activit\u00e9 professionnelle pour leur propre compte, une tr\u00e9sorerie suppl\u00e9mentaire qui \u00e9quivaut \u00e0 un mois de cotisations sociales<\/em>\u00a0\u00bb.<\/p>\n<ul>\n<li><strong>Adaptation des indemnit\u00e9s forfaitaires pour les frais de s\u00e9jour<\/strong><\/li>\n<\/ul>\n<p>Un <a href=\"https:\/\/legilux.public.lu\/eli\/etat\/leg\/rgc\/2022\/12\/22\/a696\/jo\">r\u00e8glement du Gouvernement en Conseil<\/a> sign\u00e9 le 22 d\u00e9cembre 2022 et publi\u00e9 le 23 d\u00e9cembre au Journal Officiel fixe les indemnit\u00e9s forfaitaires pr\u00e9vues pour les frais de s\u00e9jour des fonctionnaires et employ\u00e9s de l\u2019\u00c9tat. En pratique, ces r\u00e8gles peuvent \u00e9galement \u00eatre appliqu\u00e9es aux salari\u00e9s du secteur priv\u00e9, si l\u2019entreprise le souhaite.<\/p>\n<p>L\u2019indemnit\u00e9 de jour ainsi que l\u2019indemnit\u00e9 de nuit pour des voyages \u00e0 l\u2019int\u00e9rieur du pays sont adapt\u00e9es pour le 1<sup>st<\/sup> janvier de chaque ann\u00e9e par r\u00e8glement du Gouvernement en Conseil. Le R\u00e8glement fixe ainsi l\u2019indemnit\u00e9 de jour \u00e0 14 euros et l\u2019indemnit\u00e9 de nuit \u00e0 56 euros.<\/p>\n<p>L\u2019indemnit\u00e9 de jour ainsi que l\u2019indemnit\u00e9 de nuit pour des voyages \u00e0 l\u2019\u00e9tranger sont eux aussi adapt\u00e9s pour le 1<sup>st<\/sup> janvier de chaque ann\u00e9e et varient en fonction du pays.<\/p>\n<ul>\n<li><strong>T\u00e9l\u00e9travail pour les frontaliers fran\u00e7ais<\/strong><\/li>\n<\/ul>\n<p>Dans <a href=\"https:\/\/mfin.gouvernement.lu\/fr\/actualites.gouvernement%2Bfr%2Bactualites%2Btoutes_actualites%2Bcommuniques%2B2022%2B11-novembre%2B07-signature-luxembourg-france.html\">un communiqu\u00e9 dat\u00e9 du 7 novembre 2022<\/a>, le Minist\u00e8re des Finances avait annonc\u00e9 qu\u2019un avenant \u00e0 la convention fiscale bilat\u00e9rale entre la France et le Luxembourg avait \u00e9t\u00e9 sign\u00e9 le 7 novembre 2022 pour augmenter le seuil de tol\u00e9rance en mati\u00e8re fiscale pr\u00e9vu par cette m\u00eame convention de 29 \u00e0 34 jours.<\/p>\n<p>Le Minist\u00e8re des Finances avait \u00e9galement pr\u00e9cis\u00e9 que ces dispositions <em>\u00ab\u00a0pourront s&rsquo;appliquer \u00e0 compter des revenus per\u00e7us en 2023, le temps de d\u00e9finir, avant la fin de l&rsquo;ann\u00e9e 2024, une solution p\u00e9renne<\/em>\u00a0\u00bb. L\u2019avenant doit maintenant \u00eatre soumis \u00e0 ratification dans chacun des \u00c9tats.<\/p>\n   \n<\/div>","protected":false},"excerpt":{"rendered":"","protected":false},"author":9,"featured_media":0,"comment_status":"closed","ping_status":"closed","sticky":false,"template":"","format":"standard","meta":{"footnotes":""},"categories":[1],"tags":[],"country":[],"class_list":["post-41294","post","type-post","status-publish","format-standard","hentry","category-article","entry"],"_links":{"self":[{"href":"https:\/\/castegnaro.preprod.web-sites.lu\/de\/wp-json\/wp\/v2\/posts\/41294","targetHints":{"allow":["GET"]}}],"collection":[{"href":"https:\/\/castegnaro.preprod.web-sites.lu\/de\/wp-json\/wp\/v2\/posts"}],"about":[{"href":"https:\/\/castegnaro.preprod.web-sites.lu\/de\/wp-json\/wp\/v2\/types\/post"}],"author":[{"embeddable":true,"href":"https:\/\/castegnaro.preprod.web-sites.lu\/de\/wp-json\/wp\/v2\/users\/9"}],"replies":[{"embeddable":true,"href":"https:\/\/castegnaro.preprod.web-sites.lu\/de\/wp-json\/wp\/v2\/comments?post=41294"}],"version-history":[{"count":13,"href":"https:\/\/castegnaro.preprod.web-sites.lu\/de\/wp-json\/wp\/v2\/posts\/41294\/revisions"}],"predecessor-version":[{"id":41307,"href":"https:\/\/castegnaro.preprod.web-sites.lu\/de\/wp-json\/wp\/v2\/posts\/41294\/revisions\/41307"}],"wp:attachment":[{"href":"https:\/\/castegnaro.preprod.web-sites.lu\/de\/wp-json\/wp\/v2\/media?parent=41294"}],"wp:term":[{"taxonomy":"category","embeddable":true,"href":"https:\/\/castegnaro.preprod.web-sites.lu\/de\/wp-json\/wp\/v2\/categories?post=41294"},{"taxonomy":"post_tag","embeddable":true,"href":"https:\/\/castegnaro.preprod.web-sites.lu\/de\/wp-json\/wp\/v2\/tags?post=41294"},{"taxonomy":"country","embeddable":true,"href":"https:\/\/castegnaro.preprod.web-sites.lu\/de\/wp-json\/wp\/v2\/country?post=41294"}],"curies":[{"name":"wp","href":"https:\/\/api.w.org\/{rel}","templated":true}]}}