
{"id":41984,"date":"2024-04-19T14:00:50","date_gmt":"2024-04-19T12:00:50","guid":{"rendered":"https:\/\/castegnaro.lu\/?p=41984"},"modified":"2024-04-30T12:14:57","modified_gmt":"2024-04-30T10:14:57","slug":"nouvelle-convention-collective-pour-le-secteur-de-la-restauration-collective-au-luxembourg","status":"publish","type":"post","link":"https:\/\/castegnaro.preprod.web-sites.lu\/de\/nouvelle-convention-collective-pour-le-secteur-de-la-restauration-collective-au-luxembourg\/","title":{"rendered":"Nouvelle convention collective pour le secteur de la restauration collective au Luxembourg"},"content":{"rendered":"<div name=\"module-insight-bloc-paragraph\" class=\"container-px-25 mt-30 paragraph-body-small lg:mt-20 lg:text-20\">\n    \n    <p>Dans <a href=\"https:\/\/fedil.lu\/fr\/press-releases\/convention-collective-sectorielle-pour-les-entreprises-de-la-restauration-collective\/#msdynttrid=vEbygu1qDPZNiywlBsOcLVzj3aV4SeJhHSVIZ61ac4M\">un communiqu\u00e9 de presse dat\u00e9 du 12 avril 2024<\/a>, la FEDIL Catering a annonc\u00e9 la signature de la premi\u00e8re convention collective sectorielle pour les entreprises de la restauration collective.<\/p>\n<p>Cette nouvelle convention collective entrera en vigueur le 1<sup>st<\/sup> mai 2024 et a \u00e9t\u00e9 conclue pour une dur\u00e9e de 3 ans, applicable donc jusqu\u2019au 30 avril 2027.<\/p>\n<p>Il est pr\u00e9cis\u00e9 que cette convention pr\u00e9voit, entre autres, les stipulations suivantes\u00a0:<\/p>\n<ul>\n<li>Des augmentations salariales lin\u00e9aires : 0,8% au 1<sup>st<\/sup> janvier 2025 et 0,7% au 1<sup>st<\/sup> janvier 2026 pour les salari\u00e9s touchant un salaire mensuel brut entre le salaire social minimum pour salari\u00e9s non qualifi\u00e9s et le salaire social minimum pour salari\u00e9s qualifi\u00e9s ;<\/li>\n<\/ul>\n<p>&nbsp;<\/p>\n<ul>\n<li>Une adaptation des salaires pour ceux se situant entre le salaire social minimum pour salari\u00e9s non qualifi\u00e9s et le salaire social minimum pour salari\u00e9s qualifi\u00e9s lors de l\u2019ajustement du salaire social minimum pour salari\u00e9s non qualifi\u00e9s d\u00e9cid\u00e9 par le gouvernement luxembourgeois ;<\/li>\n<\/ul>\n<p>&nbsp;<\/p>\n<ul>\n<li>1 jour de cong\u00e9 suppl\u00e9mentaire pour les salari\u00e9s b\u00e9n\u00e9ficiant d\u2019une anciennet\u00e9 de services continus de 10 ans ;<\/li>\n<\/ul>\n<p>&nbsp;<\/p>\n<ul>\n<li>La possibilit\u00e9 d\u2019une p\u00e9riode de r\u00e9f\u00e9rence annuelle en mati\u00e8re de temps de travail pour les salari\u00e9s occup\u00e9s dans des structures impact\u00e9es par les vacances scolaires luxembourgeoise ;<\/li>\n<\/ul>\n<p>&nbsp;<\/p>\n<ul>\n<li>La gratuit\u00e9 des repas d\u00e8s l\u2019entr\u00e9e en service ;<\/li>\n<\/ul>\n<p>&nbsp;<\/p>\n<ul>\n<li>Une majoration du travail le dimanche \u00e0 70% et une majoration des jours f\u00e9ri\u00e9s \u00e0 100% ;<\/li>\n<\/ul>\n<p>&nbsp;<\/p>\n<ul>\n<li>Des r\u00e8gles en cas de transfert de contrats de travail des salari\u00e9s.<\/li>\n<\/ul>\n   \n<\/div>","protected":false},"excerpt":{"rendered":"","protected":false},"author":9,"featured_media":0,"comment_status":"closed","ping_status":"closed","sticky":false,"template":"","format":"standard","meta":{"footnotes":""},"categories":[1],"tags":[],"country":[],"class_list":["post-41984","post","type-post","status-publish","format-standard","hentry","category-article","entry"],"_links":{"self":[{"href":"https:\/\/castegnaro.preprod.web-sites.lu\/de\/wp-json\/wp\/v2\/posts\/41984","targetHints":{"allow":["GET"]}}],"collection":[{"href":"https:\/\/castegnaro.preprod.web-sites.lu\/de\/wp-json\/wp\/v2\/posts"}],"about":[{"href":"https:\/\/castegnaro.preprod.web-sites.lu\/de\/wp-json\/wp\/v2\/types\/post"}],"author":[{"embeddable":true,"href":"https:\/\/castegnaro.preprod.web-sites.lu\/de\/wp-json\/wp\/v2\/users\/9"}],"replies":[{"embeddable":true,"href":"https:\/\/castegnaro.preprod.web-sites.lu\/de\/wp-json\/wp\/v2\/comments?post=41984"}],"version-history":[{"count":6,"href":"https:\/\/castegnaro.preprod.web-sites.lu\/de\/wp-json\/wp\/v2\/posts\/41984\/revisions"}],"predecessor-version":[{"id":41991,"href":"https:\/\/castegnaro.preprod.web-sites.lu\/de\/wp-json\/wp\/v2\/posts\/41984\/revisions\/41991"}],"wp:attachment":[{"href":"https:\/\/castegnaro.preprod.web-sites.lu\/de\/wp-json\/wp\/v2\/media?parent=41984"}],"wp:term":[{"taxonomy":"category","embeddable":true,"href":"https:\/\/castegnaro.preprod.web-sites.lu\/de\/wp-json\/wp\/v2\/categories?post=41984"},{"taxonomy":"post_tag","embeddable":true,"href":"https:\/\/castegnaro.preprod.web-sites.lu\/de\/wp-json\/wp\/v2\/tags?post=41984"},{"taxonomy":"country","embeddable":true,"href":"https:\/\/castegnaro.preprod.web-sites.lu\/de\/wp-json\/wp\/v2\/country?post=41984"}],"curies":[{"name":"wp","href":"https:\/\/api.w.org\/{rel}","templated":true}]}}