
{"id":42549,"date":"2025-09-25T16:08:20","date_gmt":"2025-09-25T14:08:20","guid":{"rendered":"https:\/\/castegnaro.lu\/?p=42549"},"modified":"2025-09-25T16:08:21","modified_gmt":"2025-09-25T14:08:21","slug":"dialogue-social-et-nouveau-formulaire-papier-cerfa-pour-les-arrets-de-travail-en-france","status":"publish","type":"post","link":"https:\/\/castegnaro.preprod.web-sites.lu\/de\/dialogue-social-et-nouveau-formulaire-papier-cerfa-pour-les-arrets-de-travail-en-france\/","title":{"rendered":"Dialogue social et nouveau formulaire papier Cerfa pour les arr\u00eats de travail en France"},"content":{"rendered":"<div name=\"module-insight-bloc-paragraph\" class=\"container-px-25 mt-30 paragraph-body-small lg:mt-20 lg:text-20\">\n    \n    <p><strong>Dialogue social entre le gouvernement, les syndicats et le patronat<\/strong><\/p>\n<p>&nbsp;<\/p>\n<p>Les acteurs sociaux se sont rencontr\u00e9s le mercredi 3 septembre au sujet, entre autres,\u00a0<strong>i) des pensions, ii) du travail dominical\u00a0et iii) des heures d\u2019ouverture des commerces<\/strong>. A la suite de la r\u00e9union, le gouvernement a communiqu\u00e9 les\u00a0<a href=\"https:\/\/gouvernement.lu\/fr\/gouvernement\/luc-frieden\/actualites.gouvernement2024%2Bfr%2Bactualites%2Btoutes_actualites%2Bcommuniques%2B2025%2B09-septembre%2B03-sozialronn-conclusions.html\" target=\"_blank\" rel=\"noopener\">conclusions suivantes<\/a>\u00a0:<\/p>\n<p><strong>i) R\u00e9forme des pensions\u00a0:<\/strong>\u00a0Le Gouvernement proposera un paquet de r\u00e9formes comportant les mesures suivantes\u00a0:<\/p>\n<ul>\n<li>le maintien de l&rsquo;\u00e2ge l\u00e9gal de d\u00e9part en pension \u00e0 65 ans\u00a0;<\/li>\n<li>le prolongement progressif de la p\u00e9riode d\u2019assurance obligatoire \u00e0 40 ans et huit mois (de 480 mois \u00e0 488 mois), graduellement, d\u00e8s 2026 (un mois en 2026 et 2027, et deux mois en 2028, 2029 et 2030)\u00a0;<\/li>\n<li>l&rsquo;augmentation du taux de cotisation \u00e0 l&rsquo;assurance pension de 24,0% \u00e0 25,5% d\u00e8s 2026\u00a0;<\/li>\n<li>l&rsquo;augmentation de la d\u00e9duction fiscale annuelle des versements r\u00e9alis\u00e9s dans le cadre de la pr\u00e9voyance-vieillesse (troisi\u00e8me pilier) de 3.200 euros \u00e0 4.500 euros\u00a0;<\/li>\n<li>le r\u00e9gime des pensions sera soumis \u00e0 un r\u00e9examen en 2030.<\/li>\n<\/ul>\n<p><i>Liste non-exhaustive.<\/i><\/p>\n<p><strong>ii) Travail dominical\u00a0:<\/strong>\u00a0Le Gouvernement proposera des amendements gouvernementaux au projet de loi 8456 visant \u00e0\u00a0conditionner l&rsquo;adaptation du temps de travail du dimanche dans le secteur du commerce, de quatre \u00e0 huit heures au maximum \u00e0 la conclusion d&rsquo;une convention collective de travail ou d&rsquo;un accord interprofessionnel pour les entreprises ayant un nombre de salari\u00e9s (\u00e9quivalent temps plein) sup\u00e9rieur \u00e0 30 au niveau du groupe.<\/p>\n<p><strong>iii) Heures d\u2019ouverture des commerces\u00a0:<\/strong>\u00a0Le Gouvernement proposera des amendements gouvernementaux au projet de loi 8472 qui pr\u00e9voient\u00a0:<\/p>\n<ul>\n<li>la fermeture des commerces \u00e0 21h au lieu de 22h\u00a0;<\/li>\n<li>la possibilit\u00e9 d\u2019une d\u00e9rogation jusqu\u2019\u00e0 1h du matin (m\u00eame le samedi et le dimanche) dans le cadre d\u2019une convention collective\u00a0;<\/li>\n<li>les magasins vendant des produits de premi\u00e8re n\u00e9cessit\u00e9 peuvent profiter d&rsquo;une d\u00e9rogation compl\u00e8te, donc 24\/7, dans le cadre d\u2019une convention collective\u00a0;<\/li>\n<li>l\u2019ajout des braderies et march\u00e9s de rue \u00e0 la liste d&rsquo;exclusion.<\/li>\n<\/ul>\n<p>En date du 25 septembre, les diff\u00e9rents projets de r\u00e9forme et d\u2019amendements ne sont pas encore publi\u00e9s.<\/p>\n<p>&nbsp;<\/p>\n<p><strong>Arr\u00eats de travail en France : Nouveau formulaire papier Cerfa s\u00e9curis\u00e9<\/strong><\/p>\n<p>&nbsp;<\/p>\n<p>Depuis le\u00a01er\u00a0juillet 2025<strong>, l&rsquo;utilisation d\u2019un\u00a0formulaire papier Cerfa s\u00e9curis\u00e9<\/strong>\u00a0est obligatoire en France pour les arr\u00eats de travail. Ce formulaire comporte plusieurs \u00e9l\u00e9ments de s\u00e9curit\u00e9 (hologramme, encre magn\u00e9tique, etc.). Il a \u00e9t\u00e9 mis en place pour diminuer les risques de fraudes.<\/p>\n<p>Apr\u00e8s une p\u00e9riode de tol\u00e9rance au cours de l&rsquo;\u00e9t\u00e9,\u00a0<strong>\u00e0 compter du 1er\u00a0septembre, tout formulaire d\u2019avis d\u2019arr\u00eat de travail papier non s\u00e9curis\u00e9 sera rejet\u00e9<\/strong>\u00a0par l\u2019Assurance Maladie et retourn\u00e9 au prescripteur pour qu\u2019il r\u00e9alise un avis d\u2019arr\u00eat de travail au bon format.<\/p>\n<p>En cons\u00e9quence, la\u00a0<a href=\"https:\/\/cns.public.lu\/fr\/assure\/actualites\/certificat-incapacite-france-nouveau.html\" target=\"_blank\" rel=\"noopener\"><strong>CNS n&rsquo;acceptera \u00e9galement que les nouveaux formulaires Cerfa<\/strong><\/a>\u00a0s\u00e9curis\u00e9s\u00a0pour le traitement des arr\u00eats de travail \u00e9tablis en France. Les assur\u00e9s pourront transmettre \u00e0 la CNS, apr\u00e8s s\u2019\u00eatre assur\u00e9 qu\u2019il s\u2019agit bien du nouveau formulaire, leurs arr\u00eats de travail soit par voie postale, soit par voie digitale via le\u00a0<a href=\"https:\/\/cns.public.lu\/fr\/assure\/services-ligne\/demarches-incapacite\/formulaire-declaration-incapacite-travail.html\" target=\"_blank\" rel=\"noopener\">formulaire en ligne<\/a>\u00a0(en envoyant un scan lisible du document papier s\u00e9curis\u00e9).<\/p>\n<p>&nbsp;<\/p>\n<p>Des questions\u00a0? N\u2019h\u00e9sitez \u00e0 contacter notre\u00a0<a href=\"mailto:contact@castegnaro.lu\">\u00e9quipe d\u2019experts<\/a>\u00a0!<\/p>\n   \n<\/div>","protected":false},"excerpt":{"rendered":"","protected":false},"author":8,"featured_media":0,"comment_status":"closed","ping_status":"closed","sticky":false,"template":"","format":"standard","meta":{"footnotes":""},"categories":[1],"tags":[],"country":[270,433],"class_list":["post-42549","post","type-post","status-publish","format-standard","hentry","category-article","country-europe","country-lu","entry"],"_links":{"self":[{"href":"https:\/\/castegnaro.preprod.web-sites.lu\/de\/wp-json\/wp\/v2\/posts\/42549","targetHints":{"allow":["GET"]}}],"collection":[{"href":"https:\/\/castegnaro.preprod.web-sites.lu\/de\/wp-json\/wp\/v2\/posts"}],"about":[{"href":"https:\/\/castegnaro.preprod.web-sites.lu\/de\/wp-json\/wp\/v2\/types\/post"}],"author":[{"embeddable":true,"href":"https:\/\/castegnaro.preprod.web-sites.lu\/de\/wp-json\/wp\/v2\/users\/8"}],"replies":[{"embeddable":true,"href":"https:\/\/castegnaro.preprod.web-sites.lu\/de\/wp-json\/wp\/v2\/comments?post=42549"}],"version-history":[{"count":9,"href":"https:\/\/castegnaro.preprod.web-sites.lu\/de\/wp-json\/wp\/v2\/posts\/42549\/revisions"}],"predecessor-version":[{"id":42558,"href":"https:\/\/castegnaro.preprod.web-sites.lu\/de\/wp-json\/wp\/v2\/posts\/42549\/revisions\/42558"}],"wp:attachment":[{"href":"https:\/\/castegnaro.preprod.web-sites.lu\/de\/wp-json\/wp\/v2\/media?parent=42549"}],"wp:term":[{"taxonomy":"category","embeddable":true,"href":"https:\/\/castegnaro.preprod.web-sites.lu\/de\/wp-json\/wp\/v2\/categories?post=42549"},{"taxonomy":"post_tag","embeddable":true,"href":"https:\/\/castegnaro.preprod.web-sites.lu\/de\/wp-json\/wp\/v2\/tags?post=42549"},{"taxonomy":"country","embeddable":true,"href":"https:\/\/castegnaro.preprod.web-sites.lu\/de\/wp-json\/wp\/v2\/country?post=42549"}],"curies":[{"name":"wp","href":"https:\/\/api.w.org\/{rel}","templated":true}]}}