
{"id":40415,"date":"2022-03-21T11:03:11","date_gmt":"2022-03-21T10:03:11","guid":{"rendered":"http:\/\/castegnaro.preprod.web-sites.lu\/?p=40415"},"modified":"2022-09-13T11:40:59","modified_gmt":"2022-09-13T09:40:59","slug":"castegnaro-ius-laboris-classe-au-sein-du-chambers-europe-2022-guide","status":"publish","type":"post","link":"https:\/\/castegnaro.preprod.web-sites.lu\/en\/castegnaro-ius-laboris-classe-au-sein-du-chambers-europe-2022-guide\/","title":{"rendered":"Castegnaro \u2013 IUS LABORIS class\u00e9 au sein du Chambers Europe 2022 Guide"},"content":{"rendered":"<div name=\"module-insight-bloc-paragraph\" class=\"container-px-25 mt-30 paragraph-body-small lg:mt-20 lg:text-20\">\n    \n    <p>Le cabinet CASTEGNARO &#8211; Ius Laboris Luxembourg vient d\u2019\u00eatre \u00e0 nouveau class\u00e9 par le c\u00e9l\u00e8bre annuaire professionnel \u00ab Chambers and Partners \u00bb parmi les meilleurs cabinets d\u2019avocats europ\u00e9ens sp\u00e9cialis\u00e9s en droit du travail (Band 1).<\/p>\n<p>Deux avocats du cabinet sont class\u00e9s parmi les meilleurs Band : \u00ab Eminent Practitioners \u00bb et \u00ab Band 2 \u00bb du guide \u00ab Chambers Europe 2022 Guide \u00bb :<\/p>\n<p>Me Guy Castegnaro, Founding &#038; Managing Partner, class\u00e9 \u201cEminent Practitioners\u201d du Chambers Europe 2022 Guide.<\/p>\n<p>Me Ariane Claverie, Partner, class\u00e9e parmi le Band 2 du Chambers Europe 2022 Guide.<\/p>\n   \n<\/div>","protected":false},"excerpt":{"rendered":"","protected":false},"author":8,"featured_media":0,"comment_status":"closed","ping_status":"closed","sticky":false,"template":"","format":"standard","meta":{"footnotes":""},"categories":[1],"tags":[],"country":[],"class_list":["post-40415","post","type-post","status-publish","format-standard","hentry","category-article","entry"],"_links":{"self":[{"href":"https:\/\/castegnaro.preprod.web-sites.lu\/en\/wp-json\/wp\/v2\/posts\/40415","targetHints":{"allow":["GET"]}}],"collection":[{"href":"https:\/\/castegnaro.preprod.web-sites.lu\/en\/wp-json\/wp\/v2\/posts"}],"about":[{"href":"https:\/\/castegnaro.preprod.web-sites.lu\/en\/wp-json\/wp\/v2\/types\/post"}],"author":[{"embeddable":true,"href":"https:\/\/castegnaro.preprod.web-sites.lu\/en\/wp-json\/wp\/v2\/users\/8"}],"replies":[{"embeddable":true,"href":"https:\/\/castegnaro.preprod.web-sites.lu\/en\/wp-json\/wp\/v2\/comments?post=40415"}],"version-history":[{"count":4,"href":"https:\/\/castegnaro.preprod.web-sites.lu\/en\/wp-json\/wp\/v2\/posts\/40415\/revisions"}],"predecessor-version":[{"id":40419,"href":"https:\/\/castegnaro.preprod.web-sites.lu\/en\/wp-json\/wp\/v2\/posts\/40415\/revisions\/40419"}],"wp:attachment":[{"href":"https:\/\/castegnaro.preprod.web-sites.lu\/en\/wp-json\/wp\/v2\/media?parent=40415"}],"wp:term":[{"taxonomy":"category","embeddable":true,"href":"https:\/\/castegnaro.preprod.web-sites.lu\/en\/wp-json\/wp\/v2\/categories?post=40415"},{"taxonomy":"post_tag","embeddable":true,"href":"https:\/\/castegnaro.preprod.web-sites.lu\/en\/wp-json\/wp\/v2\/tags?post=40415"},{"taxonomy":"country","embeddable":true,"href":"https:\/\/castegnaro.preprod.web-sites.lu\/en\/wp-json\/wp\/v2\/country?post=40415"}],"curies":[{"name":"wp","href":"https:\/\/api.w.org\/{rel}","templated":true}]}}