
{"id":40471,"date":"2022-01-21T11:45:40","date_gmt":"2022-01-21T10:45:40","guid":{"rendered":"http:\/\/castegnaro.preprod.web-sites.lu\/?p=40471"},"modified":"2022-09-13T11:41:46","modified_gmt":"2022-09-13T09:41:46","slug":"coronavirus-precisions-concernant-le-regime-covidcheck-obligatoire-en-entreprise-et-la-validite-des-tests-rapides-realises-sous-la-supervision-de-larmee-luxembourgeoise","status":"publish","type":"post","link":"https:\/\/castegnaro.preprod.web-sites.lu\/en\/coronavirus-precisions-concernant-le-regime-covidcheck-obligatoire-en-entreprise-et-la-validite-des-tests-rapides-realises-sous-la-supervision-de-larmee-luxembourgeoise\/","title":{"rendered":"Coronavirus : pr\u00e9cisions concernant le r\u00e9gime CovidCheck obligatoire en entreprise et la validit\u00e9 des tests rapides r\u00e9alis\u00e9s sous la supervision de l\u2019arm\u00e9e luxembourgeoise"},"content":{"rendered":"<div name=\"module-insight-bloc-paragraph\" class=\"container-px-25 mt-30 paragraph-body-small lg:mt-20 lg:text-20\">\n    \n    <p>Newsflash<\/p>\n<p>Dans un communiqu\u00e9 en date du 18 janvier 2022, le gouvernement luxembourgeois a apport\u00e9 des pr\u00e9cisions concernant le contr\u00f4le du 3G sur le lieu de travail.<\/p>\n<p>Pour rappel, tout salari\u00e9, agent public et travailleur ind\u00e9pendant qui ne remplit pas l\u2019obligation de pr\u00e9senter sur le lieu de travail l\u2019un des certificats pr\u00e9vus par la Loi[1] n\u2019a pas le droit d\u2019acc\u00e9der \u00e0 son lieu de travail.<\/p>\n<p>Pour des raisons organisationnelles et pratiques, le salari\u00e9 doit pr\u00e9senter un certificat 3G valable uniquement lors de son arriv\u00e9e sur le lieu de travail. L\u2019employeur n\u2019est donc tenu de proc\u00e9der au contr\u00f4le du salari\u00e9 qu\u2019une seule fois durant la journ\u00e9e de travail.<\/p>\n<p>De plus, la F\u00e9d\u00e9ration des Industriels Luxembourgeois (FEDIL) retient que les r\u00e9sultats n\u00e9gatifs obtenus suite \u00e0 des tests rapides sous supervision de l\u2019arm\u00e9e luxembourgeoise sont valides, m\u00eame si le certificat en r\u00e9sultant ne contient pas de QR code. Les salari\u00e9s concern\u00e9s pourront acc\u00e9der \u00e0 leur lieu de travail.<\/p>\n   \n<\/div>","protected":false},"excerpt":{"rendered":"","protected":false},"author":8,"featured_media":0,"comment_status":"closed","ping_status":"closed","sticky":false,"template":"","format":"standard","meta":{"footnotes":""},"categories":[1],"tags":[],"country":[],"class_list":["post-40471","post","type-post","status-publish","format-standard","hentry","category-article","entry"],"_links":{"self":[{"href":"https:\/\/castegnaro.preprod.web-sites.lu\/en\/wp-json\/wp\/v2\/posts\/40471","targetHints":{"allow":["GET"]}}],"collection":[{"href":"https:\/\/castegnaro.preprod.web-sites.lu\/en\/wp-json\/wp\/v2\/posts"}],"about":[{"href":"https:\/\/castegnaro.preprod.web-sites.lu\/en\/wp-json\/wp\/v2\/types\/post"}],"author":[{"embeddable":true,"href":"https:\/\/castegnaro.preprod.web-sites.lu\/en\/wp-json\/wp\/v2\/users\/8"}],"replies":[{"embeddable":true,"href":"https:\/\/castegnaro.preprod.web-sites.lu\/en\/wp-json\/wp\/v2\/comments?post=40471"}],"version-history":[{"count":3,"href":"https:\/\/castegnaro.preprod.web-sites.lu\/en\/wp-json\/wp\/v2\/posts\/40471\/revisions"}],"predecessor-version":[{"id":40474,"href":"https:\/\/castegnaro.preprod.web-sites.lu\/en\/wp-json\/wp\/v2\/posts\/40471\/revisions\/40474"}],"wp:attachment":[{"href":"https:\/\/castegnaro.preprod.web-sites.lu\/en\/wp-json\/wp\/v2\/media?parent=40471"}],"wp:term":[{"taxonomy":"category","embeddable":true,"href":"https:\/\/castegnaro.preprod.web-sites.lu\/en\/wp-json\/wp\/v2\/categories?post=40471"},{"taxonomy":"post_tag","embeddable":true,"href":"https:\/\/castegnaro.preprod.web-sites.lu\/en\/wp-json\/wp\/v2\/tags?post=40471"},{"taxonomy":"country","embeddable":true,"href":"https:\/\/castegnaro.preprod.web-sites.lu\/en\/wp-json\/wp\/v2\/country?post=40471"}],"curies":[{"name":"wp","href":"https:\/\/api.w.org\/{rel}","templated":true}]}}