
{"id":40661,"date":"2021-07-20T13:32:32","date_gmt":"2021-07-20T11:32:32","guid":{"rendered":"http:\/\/castegnaro.preprod.web-sites.lu\/?p=40661"},"modified":"2022-09-13T11:58:51","modified_gmt":"2022-09-13T09:58:51","slug":"coronavirus-contrats-dapprentissage-conge-pour-raisons-familiales-et-nouvelle-aide-de-relance","status":"publish","type":"post","link":"https:\/\/castegnaro.preprod.web-sites.lu\/en\/coronavirus-contrats-dapprentissage-conge-pour-raisons-familiales-et-nouvelle-aide-de-relance\/","title":{"rendered":"Coronavirus : contrats d\u2019apprentissage, cong\u00e9 pour raisons familiales et nouvelle aide de relance"},"content":{"rendered":"<div name=\"module-insight-bloc-paragraph\" class=\"container-px-25 mt-30 paragraph-body-small lg:mt-20 lg:text-20\">\n    \n    <article>\n<section class=\"has-left-col one-whole@print\"><strong>Coronavirus<\/strong><\/p>\n<ul>\n<li><strong>Reprise des contrats d\u2019apprentissage pour le 2<sup>nd<\/sup>\u00a0semestre 2020\/2021<\/strong><\/li>\n<\/ul>\n<p>La\u00a0<a href=\"https:\/\/legilux.public.lu\/eli\/etat\/leg\/loi\/2021\/07\/08\/a519\/jo\">Loi du 8 juillet 2021<\/a>\u00a0portant d\u00e9rogation temporaire \u00e0 l\u2019article L. 111-3, paragraphe 4, du Code du travail a \u00e9t\u00e9 publi\u00e9e au M\u00e9morial A n\u00b0 519 du 13 juillet 2021 et est entr\u00e9e en vigueur le 17 juillet 2021.<\/p>\n<p>La Loi pr\u00e9voit que pendant le deuxi\u00e8me semestre de l\u2019ann\u00e9e scolaire 2020\/2021, les reprises de contrats d\u2019apprentissage sont permises et autoris\u00e9es\u00a0<strong>sans application du d\u00e9lai l\u00e9gal d\u2019attente de 6 semaines<\/strong>, par d\u00e9rogation temporaire \u00e0 l\u2019article L. 111-3 (4) du Code du travail.<\/p>\n<ul>\n<li><strong>Prolongation du cong\u00e9 pour raisons familiales jusqu\u2019au 14 septembre 2021<\/strong><\/li>\n<\/ul>\n<p>La\u00a0<a href=\"https:\/\/legilux.public.lu\/eli\/etat\/leg\/loi\/2021\/07\/15\/a536\/jo\">Loi du 15 juillet 2021<\/a><a title=\"\" href=\"https:\/\/www.castegnaro.lu\/fr\/news-events\/m\/a\/coronavirus-contrats-dapprentissage-conge-pour-raisons-familiales-et-nouvelle-aide-de-relance\/#_ftn1\" name=\"_ftnref1\">[1]<\/a>\u00a0a \u00e9t\u00e9 publi\u00e9e au M\u00e9morial A n\u00b0 536 du m\u00eame jour et est entr\u00e9e en vigueur le 16 juillet 2021.<\/p>\n<p>La Loi pr\u00e9voit notamment que le dispositif du cong\u00e9 pour raisons familiales extraordinaire mis en place dans le contexte de la pand\u00e9mie Covid-19 (cf. notre\u00a0<a href=\"https:\/\/www.castegnaro.lu\/fr\/news-events\/m\/a\/coronavirus-prolongation-du-conge-pour-raisons-familiales-extraordinaire-jusquau-17-juillet-2021\/\">Newsflash du 6 avril 2021<\/a>), qui devait cesser de s\u2019appliquer au 17 juillet 2021, est\u00a0<strong>prolong\u00e9 jusqu\u2019au 14 septembre 2021 inclus<\/strong>.<\/p>\n<ul>\n<li><strong>Nouvelle aide de relance pour les mois de juillet \u00e0 octobre 2021<\/strong><\/li>\n<\/ul>\n<p>La\u00a0<a href=\"https:\/\/legilux.public.lu\/eli\/etat\/leg\/loi\/2021\/07\/16\/a540\/jo\">Loi du 16 juillet 2021<\/a><a title=\"\" href=\"https:\/\/www.castegnaro.lu\/fr\/news-events\/m\/a\/coronavirus-contrats-dapprentissage-conge-pour-raisons-familiales-et-nouvelle-aide-de-relance\/#_ftn2\" name=\"_ftnref2\">[2]<\/a>\u00a0a \u00e9t\u00e9 publi\u00e9e au M\u00e9morial A n\u00b0 540 du 16 juillet 2021 et est entr\u00e9e en vigueur le m\u00eame jour.<\/p>\n<p>La Loi pr\u00e9voit notamment qu\u2019une nouvelle aide de relance est mise en place pour les mois de juillet, ao\u00fbt, septembre et octobre 2021\u00a0<strong>au seul b\u00e9n\u00e9fice des entreprises exer\u00e7ant<\/strong>\u00a0<strong>au moins une des activit\u00e9s \u00e9conomiques \u00e9num\u00e9r\u00e9es \u00e0\u00a0<\/strong><a href=\"https:\/\/legilux.public.lu\/eli\/etat\/leg\/loi\/2020\/07\/24\/a641\/consolide\/20210323\"><strong>l\u2019annexe de la loi du 24 juillet 2020<\/strong><\/a><strong>.<\/strong><\/p>\n<p>L\u2019entreprise concern\u00e9e peut b\u00e9n\u00e9ficier de cette nouvelle aide de relance si elle remplit les conditions list\u00e9es par la Loi, notamment la condition de ne\u00a0<strong>pas avoir proc\u00e9d\u00e9<\/strong>, au cours du mois pour lequel l\u2019aide est demand\u00e9e ou des mois \u00e9ligibles pour une aide,<strong>\u00a0au licenciement de plus de 25% des salari\u00e9s<\/strong>\u00a0ou, si l\u2019entreprise occupe quatre salari\u00e9s ou moins, au licenciement de plus d\u2019un salari\u00e9,\u00a0<strong>pour des motifs non inh\u00e9rents \u00e0 la personne du salari\u00e9.<\/strong><\/p>\n<p>La demande doit parvenir au ministre sous forme \u00e9crite pour chaque mois pour lequel l\u2019aide est sollicit\u00e9e,\u00a0<strong>au plus tard le 1<sup>er<\/sup>\u00a0d\u00e9cembre 2021.<\/strong>\u00a0Aucune aide ne pourra \u00eatre octroy\u00e9e apr\u00e8s le 31 d\u00e9cembre 2021.<\/p>\n<p>Le montant de la nouvelle aide de relance est calcul\u00e9 est multipliant le nombre de salari\u00e9s \u00e0 temps plein de l\u2019entreprise par\u00a0:<\/p>\n<ul>\n<li><u>pour les mois de juillet et ao\u00fbt 2021<\/u>\u00a0: 1 250 \u20ac par salari\u00e9 en activit\u00e9 et 250 \u20ac par salari\u00e9 au ch\u00f4mage partiel complet au cours du mois pour lequel l\u2019aide est sollicit\u00e9e\u00a0;<\/li>\n<li><u>pour les mois de septembre et octobre 2021<\/u>\u00a0: 1 000 \u20ac par salari\u00e9 en activit\u00e9 et 250 \u20ac par salari\u00e9 au ch\u00f4mage partiel complet au cours du mois pour lequel l\u2019aide est sollicit\u00e9e.<\/li>\n<\/ul>\n<p>&nbsp;<\/p>\n<div>\n<hr align=\"left\" size=\"1\" width=\"33%\" \/>\n<div id=\"ftn1\">\n<p><a title=\"\" href=\"https:\/\/www.castegnaro.lu\/fr\/news-events\/m\/a\/coronavirus-contrats-dapprentissage-conge-pour-raisons-familiales-et-nouvelle-aide-de-relance\/#_ftnref1\" name=\"_ftn1\">[1]<\/a>\u00a0Loi du 15 juillet 2021 portant modification : 1\u00b0 de la loi modifi\u00e9e du 17 juillet 2020 sur les mesures de lutte contre la pand\u00e9mie Covid-19 ; 2\u00b0 de la loi modifi\u00e9e du 25 novembre 1975 concernant la d\u00e9livrance au public des m\u00e9dicaments ; 3\u00b0 de la loi modifi\u00e9e du 22 janvier 2021 portant : 1\u00b0 modification des articles L. 234-51, L. 234-52 et L. 234-53 du Code du travail ; 2\u00b0 d\u00e9rogation temporaire aux dispositions des articles L. 234-51, L. 234-52 et L. 234-53 du Code du travail.<\/p>\n<\/div>\n<div id=\"ftn2\">\n<p><a title=\"\" href=\"https:\/\/www.castegnaro.lu\/fr\/news-events\/m\/a\/coronavirus-contrats-dapprentissage-conge-pour-raisons-familiales-et-nouvelle-aide-de-relance\/#_ftnref2\" name=\"_ftn2\">[2]<\/a>\u00a0Loi du 16 juillet 2021 portant modification de : 1\u00b0 la loi modifi\u00e9e du 19 d\u00e9cembre 2020 ayant pour objet la mise en place d\u2019une nouvelle aide de relance ; 2\u00b0 la loi modifi\u00e9e du 19 d\u00e9cembre 2020 ayant pour objet la mise en place d\u2019une contribution temporaire de l\u2019\u00c9tat aux co\u00fbts non couverts de certaines entreprises.<\/p>\n<\/div>\n<\/div>\n<\/section>\n<\/article>\n<div class=\"hide@print\">\n<p>&nbsp;<\/p>\n<\/div>\n   \n<\/div>","protected":false},"excerpt":{"rendered":"","protected":false},"author":8,"featured_media":0,"comment_status":"closed","ping_status":"closed","sticky":false,"template":"","format":"standard","meta":{"footnotes":""},"categories":[1],"tags":[],"country":[],"class_list":["post-40661","post","type-post","status-publish","format-standard","hentry","category-article","entry"],"_links":{"self":[{"href":"https:\/\/castegnaro.preprod.web-sites.lu\/en\/wp-json\/wp\/v2\/posts\/40661","targetHints":{"allow":["GET"]}}],"collection":[{"href":"https:\/\/castegnaro.preprod.web-sites.lu\/en\/wp-json\/wp\/v2\/posts"}],"about":[{"href":"https:\/\/castegnaro.preprod.web-sites.lu\/en\/wp-json\/wp\/v2\/types\/post"}],"author":[{"embeddable":true,"href":"https:\/\/castegnaro.preprod.web-sites.lu\/en\/wp-json\/wp\/v2\/users\/8"}],"replies":[{"embeddable":true,"href":"https:\/\/castegnaro.preprod.web-sites.lu\/en\/wp-json\/wp\/v2\/comments?post=40661"}],"version-history":[{"count":2,"href":"https:\/\/castegnaro.preprod.web-sites.lu\/en\/wp-json\/wp\/v2\/posts\/40661\/revisions"}],"predecessor-version":[{"id":40663,"href":"https:\/\/castegnaro.preprod.web-sites.lu\/en\/wp-json\/wp\/v2\/posts\/40661\/revisions\/40663"}],"wp:attachment":[{"href":"https:\/\/castegnaro.preprod.web-sites.lu\/en\/wp-json\/wp\/v2\/media?parent=40661"}],"wp:term":[{"taxonomy":"category","embeddable":true,"href":"https:\/\/castegnaro.preprod.web-sites.lu\/en\/wp-json\/wp\/v2\/categories?post=40661"},{"taxonomy":"post_tag","embeddable":true,"href":"https:\/\/castegnaro.preprod.web-sites.lu\/en\/wp-json\/wp\/v2\/tags?post=40661"},{"taxonomy":"country","embeddable":true,"href":"https:\/\/castegnaro.preprod.web-sites.lu\/en\/wp-json\/wp\/v2\/country?post=40661"}],"curies":[{"name":"wp","href":"https:\/\/api.w.org\/{rel}","templated":true}]}}