
{"id":40710,"date":"2021-05-21T13:50:44","date_gmt":"2021-05-21T11:50:44","guid":{"rendered":"http:\/\/castegnaro.preprod.web-sites.lu\/?p=40710"},"modified":"2022-09-13T12:00:30","modified_gmt":"2022-09-13T10:00:30","slug":"coronavirus-actualisation-des-recommandations-sanitaires-et-precisions-concernant-les-cantines-dentreprise","status":"publish","type":"post","link":"https:\/\/castegnaro.preprod.web-sites.lu\/en\/coronavirus-actualisation-des-recommandations-sanitaires-et-precisions-concernant-les-cantines-dentreprise\/","title":{"rendered":"Coronavirus : actualisation des recommandations sanitaires et pr\u00e9cisions concernant les cantines d\u2019entreprise"},"content":{"rendered":"<div name=\"module-insight-bloc-paragraph\" class=\"container-px-25 mt-30 paragraph-body-small lg:mt-20 lg:text-20\">\n    \n    <article>\n<section class=\"has-left-col one-whole@print\">Les recommandations sanitaires temporaires de la Direction de la sant\u00e9 dans le cadre de la crise sanitaire li\u00e9e \u00e0 la COVID-19 ont \u00e9t\u00e9 actualis\u00e9es suite \u00e0 l\u2019entr\u00e9e en vigueur de la Loi du 14 mai 2021<a title=\"\" href=\"https:\/\/www.castegnaro.lu\/fr\/news-events\/m\/a\/actualisation-des-recommandations-sanitaires-et-precisions-concernant-les-cantines-dentreprise\/#_ftn1\" name=\"_ftnref1\">[1]<\/a>.<\/p>\n<p>Les recommandations sanitaires \u00e9mises \u00e0 l\u2019attention des employeurs et salari\u00e9s, dans leur version applicable au 16 mai 2021 pour chaque secteur professionnel, sont consultables et t\u00e9l\u00e9chargeables\u00a0<a href=\"https:\/\/sante.public.lu\/fr\/espace-professionnel\/recommandations\/direction-sante\/000-covid-19\/recommandations-sanitaires-temporaires\/index.html\"><strong>ici<\/strong><\/a>.<\/p>\n<p>Concernant le\u00a0<a href=\"https:\/\/sante.public.lu\/fr\/espace-professionnel\/recommandations\/direction-sante\/000-covid-19\/000-covid-191-annexes\/recommandations-sanitaires-administratif.pdf\">secteur administratif<\/a>\u00a0notamment, les pr\u00e9cisions suivantes sont apport\u00e9es concernant les\u00a0<strong>restaurants\/cantines d\u2019entreprises<\/strong>\u00a0:<\/p>\n<ul>\n<li>une limite de 4 personnes assises \u00e0 une m\u00eame table est possible, sans obligation de distanciation entre ces personnes, \u00e0 condition que les m\u00eames mesures que celles applicables au secteur HORECA soient respect\u00e9es, y inclus l\u2019obligation de test.<\/li>\n<li>dans le cas o\u00f9 l\u2019employeur d\u00e9cidait de continuer \u00e0 exploiter la cantine d\u2019entreprise conform\u00e9ment aux r\u00e8gles sanitaires pour cantines applicables depuis le 26 novembre 2020, il est invit\u00e9 \u00e0 garder l\u2019am\u00e9nagement des espaces de r\u00e9cr\u00e9ation, comme par exemple les r\u00e9fectoires, mis \u00e0 disposition de ses salari\u00e9s, de mani\u00e8re \u00e0 ce que les r\u00e8gles sanitaires applicables (et notamment les r\u00e8gles de distanciation) puissent continuer \u00e0 \u00eatre respect\u00e9es.<\/li>\n<\/ul>\n<p>A ce titre, la\u00a0<a href=\"https:\/\/www.fedil.lu\/fr\/\">FEDIL<\/a>\u00a0a communiqu\u00e9 les informations suivantes \u00e0 ses membres en date du 19 mai 2021\u00a0:<\/p>\n<ul>\n<li>Si les conditions \u00e9nonc\u00e9es \u00e0 la page 3 [des recommandations sanitaires relatives au secteur administratif] sont respect\u00e9es, il n\u2019existe\u00a0<strong>pas d\u2019obligation de test Covid-19<\/strong>\u00a0pour les restaurants\/cantines d\u2019entreprise qui peuvent ainsi continuer \u00e0 fonctionner selon les r\u00e8gles connues depuis fin 2020.<\/li>\n<li>Le\u00a0<a href=\"https:\/\/www.fedil.lu\/wp-content\/uploads\/2021\/05\/Guide_FedilCatering-V4-1.pdf\">Guide de bonnes pratiques pour les restaurants\/cantines d\u2019entreprise<\/a>, \u00e9labor\u00e9 par la FEDIL, FEDIL Catering et le Service de sant\u00e9 au travail de l\u2019industrie (STI) et revu par la Direction de la Sant\u00e9, a \u00e9t\u00e9\u00a0<strong>mis \u00e0 jour au 16 mai 2021<\/strong>.<\/li>\n<\/ul>\n<p>&nbsp;<\/p>\n<p>&nbsp;<\/p>\n<div>\n<hr align=\"left\" size=\"1\" width=\"33%\" \/>\n<div id=\"ftn1\">\n<p><a title=\"\" href=\"https:\/\/www.castegnaro.lu\/fr\/news-events\/m\/a\/actualisation-des-recommandations-sanitaires-et-precisions-concernant-les-cantines-dentreprise\/#_ftnref1\" name=\"_ftn1\">[1]<\/a>\u00a0<a href=\"http:\/\/legilux.public.lu\/eli\/etat\/leg\/loi\/2021\/05\/14\/a369\/jo\">Loi du 14 mai 2021<\/a>\u00a0modifiant : 1\u00b0 la loi modifi\u00e9e du 17 juillet 2020 sur les mesures de lutte contre la pand\u00e9mie Covid-19 ; 2\u00b0 la loi modifi\u00e9e du 19 d\u00e9cembre 2020 ayant pour objet la mise en place d\u2019une contribution temporaire de l\u2019\u00c9tat aux co\u00fbts non couverts de certaines entreprises, entr\u00e9e en vigueur le 16 mai 2021.<\/p>\n<\/div>\n<\/div>\n<\/section>\n<\/article>\n<div class=\"hide@print\">\n<ul class=\"nav social-share\">\n<li class=\"open-share\"><\/li>\n<\/ul>\n<\/div>\n   \n<\/div>","protected":false},"excerpt":{"rendered":"","protected":false},"author":8,"featured_media":0,"comment_status":"closed","ping_status":"closed","sticky":false,"template":"","format":"standard","meta":{"footnotes":""},"categories":[1],"tags":[],"country":[],"class_list":["post-40710","post","type-post","status-publish","format-standard","hentry","category-article","entry"],"_links":{"self":[{"href":"https:\/\/castegnaro.preprod.web-sites.lu\/en\/wp-json\/wp\/v2\/posts\/40710","targetHints":{"allow":["GET"]}}],"collection":[{"href":"https:\/\/castegnaro.preprod.web-sites.lu\/en\/wp-json\/wp\/v2\/posts"}],"about":[{"href":"https:\/\/castegnaro.preprod.web-sites.lu\/en\/wp-json\/wp\/v2\/types\/post"}],"author":[{"embeddable":true,"href":"https:\/\/castegnaro.preprod.web-sites.lu\/en\/wp-json\/wp\/v2\/users\/8"}],"replies":[{"embeddable":true,"href":"https:\/\/castegnaro.preprod.web-sites.lu\/en\/wp-json\/wp\/v2\/comments?post=40710"}],"version-history":[{"count":2,"href":"https:\/\/castegnaro.preprod.web-sites.lu\/en\/wp-json\/wp\/v2\/posts\/40710\/revisions"}],"predecessor-version":[{"id":40712,"href":"https:\/\/castegnaro.preprod.web-sites.lu\/en\/wp-json\/wp\/v2\/posts\/40710\/revisions\/40712"}],"wp:attachment":[{"href":"https:\/\/castegnaro.preprod.web-sites.lu\/en\/wp-json\/wp\/v2\/media?parent=40710"}],"wp:term":[{"taxonomy":"category","embeddable":true,"href":"https:\/\/castegnaro.preprod.web-sites.lu\/en\/wp-json\/wp\/v2\/categories?post=40710"},{"taxonomy":"post_tag","embeddable":true,"href":"https:\/\/castegnaro.preprod.web-sites.lu\/en\/wp-json\/wp\/v2\/tags?post=40710"},{"taxonomy":"country","embeddable":true,"href":"https:\/\/castegnaro.preprod.web-sites.lu\/en\/wp-json\/wp\/v2\/country?post=40710"}],"curies":[{"name":"wp","href":"https:\/\/api.w.org\/{rel}","templated":true}]}}