
{"id":41248,"date":"2022-11-24T15:31:22","date_gmt":"2022-11-24T14:31:22","guid":{"rendered":"https:\/\/castegnaro.lu\/?p=41248"},"modified":"2022-12-06T16:35:20","modified_gmt":"2022-12-06T15:35:20","slug":"periode-transitoire-prolongee-en-matiere-daffiliation-a-la-securite-sociale-pour-les-travailleurs-frontaliers","status":"publish","type":"post","link":"https:\/\/castegnaro.preprod.web-sites.lu\/en\/periode-transitoire-prolongee-en-matiere-daffiliation-a-la-securite-sociale-pour-les-travailleurs-frontaliers\/","title":{"rendered":"P\u00e9riode transitoire prolong\u00e9e en mati\u00e8re d&rsquo;affiliation \u00e0 la s\u00e9curit\u00e9 sociale pour les travailleurs frontaliers"},"content":{"rendered":"<div name=\"module-insight-bloc-paragraph\" class=\"container-px-25 mt-30 paragraph-body-small lg:mt-20 lg:text-20\">\n    \n    <p>In <a href=\"https:\/\/mss.gouvernement.lu\/fr\/actualites.gouvernement%2Bfr%2Bactualites%2Btoutes_actualites%2Bcommuniques%2B2022%2B11-novembre%2B22-teletravail-periode-transitoire.html\">a press release dated 22 November 2022<\/a>the Ministry for Social Security announced an extension to the 6-month transitional period introduced last June (see our <a href=\"https:\/\/castegnaro.lu\/fr\/periode-transitoire-jusquau-31-decembre-2022-concernant-le-teletravail-en-matiere-daffiliation-a-la-securite-sociale-des-travailleurs-frontaliers\/\">newsflash of 24 June 2022)<\/a>)<\/p>\n<p>This transitional period allows for \u201c\u00a0<em>une tol\u00e9rance administrative, permettant aux travailleurs frontaliers de continuer \u00e0 effectuer le travail sous forme de t\u00e9l\u00e9travail \u00e0 partir de leur domicile, sans craindre de changer d&rsquo;affiliation \u00e0 la s\u00e9curit\u00e9 sociale en cas de d\u00e9passement du seuil pr\u00e9vu dans la l\u00e9gislation europ\u00e9enne<\/em>\u00a0\u201d.<\/p>\n<p><strong>The transitional period will therefore continue until 30 June 2023.<\/strong>.<\/p>\n<p>The Ministry for Social Security points out that this provision only applies to social security, and provisions relating to taxation are covered by separate specific bilateral agreements.<\/p>\n   \n<\/div>","protected":false},"excerpt":{"rendered":"","protected":false},"author":9,"featured_media":0,"comment_status":"closed","ping_status":"closed","sticky":false,"template":"","format":"standard","meta":{"footnotes":""},"categories":[1],"tags":[],"country":[],"class_list":["post-41248","post","type-post","status-publish","format-standard","hentry","category-article","entry"],"_links":{"self":[{"href":"https:\/\/castegnaro.preprod.web-sites.lu\/en\/wp-json\/wp\/v2\/posts\/41248","targetHints":{"allow":["GET"]}}],"collection":[{"href":"https:\/\/castegnaro.preprod.web-sites.lu\/en\/wp-json\/wp\/v2\/posts"}],"about":[{"href":"https:\/\/castegnaro.preprod.web-sites.lu\/en\/wp-json\/wp\/v2\/types\/post"}],"author":[{"embeddable":true,"href":"https:\/\/castegnaro.preprod.web-sites.lu\/en\/wp-json\/wp\/v2\/users\/9"}],"replies":[{"embeddable":true,"href":"https:\/\/castegnaro.preprod.web-sites.lu\/en\/wp-json\/wp\/v2\/comments?post=41248"}],"version-history":[{"count":8,"href":"https:\/\/castegnaro.preprod.web-sites.lu\/en\/wp-json\/wp\/v2\/posts\/41248\/revisions"}],"predecessor-version":[{"id":41263,"href":"https:\/\/castegnaro.preprod.web-sites.lu\/en\/wp-json\/wp\/v2\/posts\/41248\/revisions\/41263"}],"wp:attachment":[{"href":"https:\/\/castegnaro.preprod.web-sites.lu\/en\/wp-json\/wp\/v2\/media?parent=41248"}],"wp:term":[{"taxonomy":"category","embeddable":true,"href":"https:\/\/castegnaro.preprod.web-sites.lu\/en\/wp-json\/wp\/v2\/categories?post=41248"},{"taxonomy":"post_tag","embeddable":true,"href":"https:\/\/castegnaro.preprod.web-sites.lu\/en\/wp-json\/wp\/v2\/tags?post=41248"},{"taxonomy":"country","embeddable":true,"href":"https:\/\/castegnaro.preprod.web-sites.lu\/en\/wp-json\/wp\/v2\/country?post=41248"}],"curies":[{"name":"wp","href":"https:\/\/api.w.org\/{rel}","templated":true}]}}