
{"id":42836,"date":"2025-12-30T08:00:00","date_gmt":"2025-12-30T07:00:00","guid":{"rendered":"https:\/\/castegnaro.lu\/?p=42836"},"modified":"2025-12-19T17:39:06","modified_gmt":"2025-12-19T16:39:06","slug":"statec-previsions-sur-levolution-du-marche-du-travail-et-limpact-de-lia-sur-le-marche-du-travail-luxembourgeois","status":"publish","type":"post","link":"https:\/\/castegnaro.preprod.web-sites.lu\/en\/statec-previsions-sur-levolution-du-marche-du-travail-et-limpact-de-lia-sur-le-marche-du-travail-luxembourgeois\/","title":{"rendered":"STATEC : pr\u00e9visions sur l\u2019\u00e9volution du march\u00e9 du travail et l\u2019impact de l\u2019IA sur le march\u00e9 du travail luxembourgeois"},"content":{"rendered":"<div name=\"module-insight-bloc-paragraph\" class=\"container-px-25 mt-30 paragraph-body-small lg:mt-20 lg:text-20\">\n    \n    <p class=\"default\">Selon l\u2019Institut national de la statistique et des \u00e9tudes \u00e9conomiques (\u00ab STATEC \u00bb), le march\u00e9 du travail luxembourgeois appara\u00eet\u00a0<a href=\"https:\/\/statistiques.public.lu\/dam-assets\/catalogue-publications\/note-conjoncture\/2025\/ndc-2-25-web.pdf\" target=\"_blank\" rel=\"noopener noreferrer\">largement expos\u00e9 \u00e0 l\u2019intelligence artificielle<\/a>\u00a0: 90% des emplois seraient expos\u00e9s et 14% des travailleurs pourraient voir leur poste dispara\u00eetre. L\u2019utilisation de l\u2019IA en entreprise a significativement progress\u00e9, passant de 13,2\u202f% en 2021 \u00e0 24\u202f% en 2024.<\/p>\n<p class=\"default\">Pour mesurer cet impact, le STATEC s\u2019appuie sur deux indicateurs\u202f:<\/p>\n<ul>\n<li>l\u2019indice d\u2019exposition, qui \u00e9value la part des t\u00e2ches automatisables\u202f;<\/li>\n<li>l\u2019indice d\u2019augmentation, qui mesure la compl\u00e9mentarit\u00e9 entre l\u2019IA et le travail humain.<\/li>\n<\/ul>\n<p class=\"default\">Sur cette base, les m\u00e9tiers ont ensuite \u00e9t\u00e9 r\u00e9partis en quatre groupes : les non-expos\u00e9s, les \u00ab augmentables \u00bb (ceux pour qui l\u2019IA est une opportunit\u00e9), les automatisables (ceux pour qui l\u2019IA est une menace) et les incertains.<\/p>\n<p class=\"default\">A partir des donn\u00e9es recueillies, le STATEC en d\u00e9duit que les femmes et les travailleurs non qualifi\u00e9s, c\u2019est\u2011\u00e0\u2011dire sans dipl\u00f4me de l\u2019enseignement sup\u00e9rieur, pourraient \u00eatre davantage expos\u00e9s par l\u2019impact potentiel de l\u2019IA. Cette observation doit toutefois \u00eatre replac\u00e9e dans le contexte des secteurs d\u2019activit\u00e9 concern\u00e9s. Une analyse plus d\u00e9taill\u00e9e montre que cette vuln\u00e9rabilit\u00e9 s\u2019explique surtout par la forte concentration de ces profils dans les domaines du soutien administratif et de la vente, deux secteurs particuli\u00e8rement sensibles \u00e0 l\u2019automatisation.<\/p>\n<p class=\"default\">Pour le STATEC, l\u2019IA repr\u00e9sente surtout une opportunit\u00e9, car 55\u202f% des salari\u00e9s verront leurs t\u00e2ches facilit\u00e9es plut\u00f4t que remplac\u00e9es.<\/p>\n<p>L\u2019\u00e9tude ne prend cependant pas en compte les futurs m\u00e9tiers cr\u00e9\u00e9s par l\u2019IA, ne mesure pas l\u2019intensit\u00e9 de l\u2019exposition, ignore la taille des entreprises et simplifie les cat\u00e9gories professionnelles.<\/p>\n<p>&nbsp;<\/p>\n<p>Des questions ? N\u2019h\u00e9sitez \u00e0 contacter notre\u00a0<a href=\"mailto:contact@castegnaro.lu\">\u00e9quipe d\u2019experts<\/a>\u00a0!<\/p>\n   \n<\/div>","protected":false},"excerpt":{"rendered":"","protected":false},"author":8,"featured_media":0,"comment_status":"closed","ping_status":"closed","sticky":false,"template":"","format":"standard","meta":{"footnotes":""},"categories":[1],"tags":[],"country":[433],"class_list":["post-42836","post","type-post","status-publish","format-standard","hentry","category-article","country-lu","entry"],"_links":{"self":[{"href":"https:\/\/castegnaro.preprod.web-sites.lu\/en\/wp-json\/wp\/v2\/posts\/42836","targetHints":{"allow":["GET"]}}],"collection":[{"href":"https:\/\/castegnaro.preprod.web-sites.lu\/en\/wp-json\/wp\/v2\/posts"}],"about":[{"href":"https:\/\/castegnaro.preprod.web-sites.lu\/en\/wp-json\/wp\/v2\/types\/post"}],"author":[{"embeddable":true,"href":"https:\/\/castegnaro.preprod.web-sites.lu\/en\/wp-json\/wp\/v2\/users\/8"}],"replies":[{"embeddable":true,"href":"https:\/\/castegnaro.preprod.web-sites.lu\/en\/wp-json\/wp\/v2\/comments?post=42836"}],"version-history":[{"count":2,"href":"https:\/\/castegnaro.preprod.web-sites.lu\/en\/wp-json\/wp\/v2\/posts\/42836\/revisions"}],"predecessor-version":[{"id":42838,"href":"https:\/\/castegnaro.preprod.web-sites.lu\/en\/wp-json\/wp\/v2\/posts\/42836\/revisions\/42838"}],"wp:attachment":[{"href":"https:\/\/castegnaro.preprod.web-sites.lu\/en\/wp-json\/wp\/v2\/media?parent=42836"}],"wp:term":[{"taxonomy":"category","embeddable":true,"href":"https:\/\/castegnaro.preprod.web-sites.lu\/en\/wp-json\/wp\/v2\/categories?post=42836"},{"taxonomy":"post_tag","embeddable":true,"href":"https:\/\/castegnaro.preprod.web-sites.lu\/en\/wp-json\/wp\/v2\/tags?post=42836"},{"taxonomy":"country","embeddable":true,"href":"https:\/\/castegnaro.preprod.web-sites.lu\/en\/wp-json\/wp\/v2\/country?post=42836"}],"curies":[{"name":"wp","href":"https:\/\/api.w.org\/{rel}","templated":true}]}}