
{"id":42903,"date":"2026-01-23T08:49:06","date_gmt":"2026-01-23T07:49:06","guid":{"rendered":"https:\/\/castegnaro.lu\/?p=42903"},"modified":"2026-01-23T08:49:06","modified_gmt":"2026-01-23T07:49:06","slug":"cumul-contrat-de-travail-mandat-social-et-indemnisation-du-prejudice-materiel","status":"publish","type":"post","link":"https:\/\/castegnaro.preprod.web-sites.lu\/en\/cumul-contrat-de-travail-mandat-social-et-indemnisation-du-prejudice-materiel\/","title":{"rendered":"Cumul contrat de travail \u2013 mandat social et indemnisation du pr\u00e9judice mat\u00e9riel"},"content":{"rendered":"<div name=\"module-insight-bloc-paragraph\" class=\"container-px-25 mt-30 paragraph-body-small lg:mt-20 lg:text-20\">\n    \n    <p>Par un <a href=\"https:\/\/dowhs.r.sp1-brevo.net\/mk\/cl\/f\/sh\/SMK1E8tHeG7uihbsc78dkv5zsFsd\/58SHUcdqAyuy\">jugement<\/a><strong><sup>1<\/sup><\/strong> rendu le 18 d\u00e9cembre 2025, le Tribunal du travail de et \u00e0 Luxembourg a rappel\u00e9 les conditions de cumul d\u2019un contrat de travail et d\u2019un mandat social.<\/p>\n<p><strong>Les faits :\u00a0<\/strong>Dans cette affaire, une administratrice-d\u00e9l\u00e9gu\u00e9e avait \u00e9t\u00e9 inform\u00e9e par le repr\u00e9sentant l\u00e9gal de la soci\u00e9t\u00e9 de la fin de son mandat, avec effet imm\u00e9diat. De son c\u00f4t\u00e9, elle revendiquait la qualit\u00e9 de salari\u00e9e, de sorte qu\u2019elle qualifiait cette rupture de licenciement oral abusif.<\/p>\n<p>Le Tribunal a commenc\u00e9 par rappeler qu\u2019il \u00e9tait effectivement possible de cumuler les qualit\u00e9s de mandataire social et de salari\u00e9, \u00e0 la double condition suivante :<\/p>\n<ul>\n<li><strong>Occuper deux fonctions distinctes<\/strong><\/li>\n<\/ul>\n<p>Les missions li\u00e9es \u00e0 chaque fonction doivent \u00eatre substantiellement diff\u00e9rentes. Le Tribunal acceptera notamment de prendre en consid\u00e9ration des \u00e9l\u00e9ments tels une description de fonctions issue d\u2019un contrat de travail ou le contenu d\u2019un certificat de travail \u00e9mis par l\u2019employeur all\u00e9gu\u00e9.<\/p>\n<ul>\n<li><strong>\u00catre soumis \u00e0 un lien de subordination<\/strong><\/li>\n<\/ul>\n<p>\u00c9l\u00e9ment essentiel \u00e0 la validit\u00e9 d\u2019un contrat de travail, le lien de subordination doit pouvoir \u00eatre \u00e9tabli. Ce lien est par exemple \u00e9tabli quand le salari\u00e9 d\u00e9montre \u00eatre plac\u00e9 sous l\u2019autorit\u00e9 de celui auquel il attribue la qualit\u00e9 d\u2019employeur et \u00eatre limit\u00e9 dans son pouvoir de d\u00e9cision. En l\u2019occurrence, la limitation des jours de cong\u00e9s l\u00e9gaux, les horaires fixes, l\u2019obligation de remise de certificats d\u2019incapacit\u00e9 de travail, ont \u00e9t\u00e9 autant d\u2019indicateurs pertinents pour l\u2019analyse du Tribunal.<\/p>\n<p>Le Tribunal a estim\u00e9 que l\u2019employeur, de son c\u00f4t\u00e9, n\u2019apportait pas la preuve que le contrat de travail &#8211; qui avait \u00e9t\u00e9 sign\u00e9 par les parties &#8211; \u00e9tait fictif et a, en cons\u00e9quence, reconnu le cumul des fonctions de mandataire social et de salari\u00e9e dans le chef de cette administratrice-d\u00e9l\u00e9gu\u00e9e. Il en r\u00e9sulte qu\u2019\u00e0 d\u00e9faut de lettre de licenciement d\u00fbment notifi\u00e9e \u00e0 cette derni\u00e8re, le Tribunal a conclu \u00e0 un licenciement oral, partant abusif.<\/p>\n<p><strong>Indemnisation du pr\u00e9judice mat\u00e9riel :\u00a0<\/strong>En l\u2019esp\u00e8ce, la salari\u00e9e ayant retrouv\u00e9 un poste apr\u00e8s six mois, le tribunal a rejet\u00e9 sa demande d\u2019indemnisation au motif que l\u2019indemnit\u00e9 compensatoire de pr\u00e9avis \u2013 \u00e9quivalente \u00e0 six mois de salaire \u2013 compensait int\u00e9gralement la perte de revenus r\u00e9sultant du licenciement abusif.<\/p>\n<p><strong>Ce qu\u2019il faut en retenir :\u00a0<\/strong><\/p>\n<ul>\n<li>Les circonstances concr\u00e8tes demeurent d\u00e9terminantes dans le cadre de l\u2019analyse r\u00e9alis\u00e9e par le juge.<\/li>\n<li>Le Tribunal a consid\u00e9r\u00e9 que l\u2019indemnit\u00e9 compensatoire, qui est accord\u00e9e au salari\u00e9 en cas de non-respect des r\u00e8gles relatives au pr\u00e9avis, compense (en tout ou partie) la perte de salaire r\u00e9sultant de la rupture imm\u00e9diate abusive du contrat de travail.<\/li>\n<\/ul>\n<p>&nbsp;<\/p>\n<p>____________________<\/p>\n<p><strong>[1]\u00a0<\/strong>Tribunal du travail, 18 d\u00e9cembre 2025, n\u00b0L-TRAV-113\/24 de r\u00f4le<\/p>\n<p>&nbsp;<\/p>\n<p>Des questions ? N\u2019h\u00e9sitez \u00e0 contacter notre\u00a0<a href=\"mailto:contact@castegnaro.lu\">\u00e9quipe d\u2019experts<\/a>\u00a0!<\/p>\n   \n<\/div>","protected":false},"excerpt":{"rendered":"","protected":false},"author":8,"featured_media":0,"comment_status":"closed","ping_status":"closed","sticky":false,"template":"","format":"standard","meta":{"footnotes":""},"categories":[1],"tags":[],"country":[433],"class_list":["post-42903","post","type-post","status-publish","format-standard","hentry","category-article","country-lu","entry"],"_links":{"self":[{"href":"https:\/\/castegnaro.preprod.web-sites.lu\/en\/wp-json\/wp\/v2\/posts\/42903","targetHints":{"allow":["GET"]}}],"collection":[{"href":"https:\/\/castegnaro.preprod.web-sites.lu\/en\/wp-json\/wp\/v2\/posts"}],"about":[{"href":"https:\/\/castegnaro.preprod.web-sites.lu\/en\/wp-json\/wp\/v2\/types\/post"}],"author":[{"embeddable":true,"href":"https:\/\/castegnaro.preprod.web-sites.lu\/en\/wp-json\/wp\/v2\/users\/8"}],"replies":[{"embeddable":true,"href":"https:\/\/castegnaro.preprod.web-sites.lu\/en\/wp-json\/wp\/v2\/comments?post=42903"}],"version-history":[{"count":3,"href":"https:\/\/castegnaro.preprod.web-sites.lu\/en\/wp-json\/wp\/v2\/posts\/42903\/revisions"}],"predecessor-version":[{"id":42906,"href":"https:\/\/castegnaro.preprod.web-sites.lu\/en\/wp-json\/wp\/v2\/posts\/42903\/revisions\/42906"}],"wp:attachment":[{"href":"https:\/\/castegnaro.preprod.web-sites.lu\/en\/wp-json\/wp\/v2\/media?parent=42903"}],"wp:term":[{"taxonomy":"category","embeddable":true,"href":"https:\/\/castegnaro.preprod.web-sites.lu\/en\/wp-json\/wp\/v2\/categories?post=42903"},{"taxonomy":"post_tag","embeddable":true,"href":"https:\/\/castegnaro.preprod.web-sites.lu\/en\/wp-json\/wp\/v2\/tags?post=42903"},{"taxonomy":"country","embeddable":true,"href":"https:\/\/castegnaro.preprod.web-sites.lu\/en\/wp-json\/wp\/v2\/country?post=42903"}],"curies":[{"name":"wp","href":"https:\/\/api.w.org\/{rel}","templated":true}]}}