
{"id":40392,"date":"2022-03-21T10:36:00","date_gmt":"2022-03-21T09:36:00","guid":{"rendered":"http:\/\/castegnaro.preprod.web-sites.lu\/?p=40392"},"modified":"2022-09-13T11:41:04","modified_gmt":"2022-09-13T09:41:04","slug":"prolongation-des-accords-teletravail-avec-la-france-la-belgique-et-lallemagne","status":"publish","type":"post","link":"https:\/\/castegnaro.preprod.web-sites.lu\/fr\/prolongation-des-accords-teletravail-avec-la-france-la-belgique-et-lallemagne\/","title":{"rendered":"Prolongation des accords t\u00e9l\u00e9travail avec la France, la Belgique et l\u2019Allemagne"},"content":{"rendered":"<div name=\"module-insight-bloc-paragraph\" class=\"container-px-25 mt-30 paragraph-body-small lg:mt-20 lg:text-20\">\n    \n    <p>Dans un communiqu\u00e9 en date du 23 mars 2022, le gouvernement a annonc\u00e9 la prolongation des accords dits \u00ab T\u00e9l\u00e9travail \u00bb conclus avec la France, la Belgique et l\u2019Allemagne.<\/p>\n<p>Au niveau fiscal, les accords sur le t\u00e9l\u00e9travail conclus avec la France et la Belgique sont prolong\u00e9s jusqu\u2019au 30 juin 2022. Concernant l\u2019accord conclu avec l\u2019Allemagne, ce dernier est aussi valable jusqu\u2019au 30 juin 2022 et ne sera pas renouvel\u00e9 suite \u00e0 une d\u00e9nonciation de cet accord par les autorit\u00e9s comp\u00e9tentes du Luxembourg et de l\u2019Allemagne.<\/p>\n<p>Ces accords pr\u00e9voient que les jours de t\u00e9l\u00e9travail effectu\u00e9s depuis la r\u00e9sidence principale, en raison des mesures visant \u00e0 lutter contre la pand\u00e9mie, peuvent \u00eatre consid\u00e9r\u00e9s comme des jours de travail dans l&rsquo;\u00c9tat o\u00f9 l&rsquo;activit\u00e9 est habituellement exerc\u00e9e.<\/p>\n<p>Au niveau de la s\u00e9curit\u00e9 sociale, les accords conclus avec la France, la Belgique et l\u2019Allemagne sont applicables jusqu\u2019\u00e0 fin juin 2022.<\/p>\n<p>Ces accords permettent d\u2019\u00e9viter un changement d\u2019affiliation en cas de d\u00e9passement du seuil de 25% pr\u00e9vu par la l\u00e9gislation europ\u00e9enne.<\/p>\n   \n<\/div>","protected":false},"excerpt":{"rendered":"","protected":false},"author":8,"featured_media":0,"comment_status":"closed","ping_status":"closed","sticky":false,"template":"","format":"standard","meta":{"footnotes":""},"categories":[1],"tags":[],"country":[],"class_list":["post-40392","post","type-post","status-publish","format-standard","hentry","category-article","entry"],"_links":{"self":[{"href":"https:\/\/castegnaro.preprod.web-sites.lu\/fr\/wp-json\/wp\/v2\/posts\/40392","targetHints":{"allow":["GET"]}}],"collection":[{"href":"https:\/\/castegnaro.preprod.web-sites.lu\/fr\/wp-json\/wp\/v2\/posts"}],"about":[{"href":"https:\/\/castegnaro.preprod.web-sites.lu\/fr\/wp-json\/wp\/v2\/types\/post"}],"author":[{"embeddable":true,"href":"https:\/\/castegnaro.preprod.web-sites.lu\/fr\/wp-json\/wp\/v2\/users\/8"}],"replies":[{"embeddable":true,"href":"https:\/\/castegnaro.preprod.web-sites.lu\/fr\/wp-json\/wp\/v2\/comments?post=40392"}],"version-history":[{"count":5,"href":"https:\/\/castegnaro.preprod.web-sites.lu\/fr\/wp-json\/wp\/v2\/posts\/40392\/revisions"}],"predecessor-version":[{"id":40398,"href":"https:\/\/castegnaro.preprod.web-sites.lu\/fr\/wp-json\/wp\/v2\/posts\/40392\/revisions\/40398"}],"wp:attachment":[{"href":"https:\/\/castegnaro.preprod.web-sites.lu\/fr\/wp-json\/wp\/v2\/media?parent=40392"}],"wp:term":[{"taxonomy":"category","embeddable":true,"href":"https:\/\/castegnaro.preprod.web-sites.lu\/fr\/wp-json\/wp\/v2\/categories?post=40392"},{"taxonomy":"post_tag","embeddable":true,"href":"https:\/\/castegnaro.preprod.web-sites.lu\/fr\/wp-json\/wp\/v2\/tags?post=40392"},{"taxonomy":"country","embeddable":true,"href":"https:\/\/castegnaro.preprod.web-sites.lu\/fr\/wp-json\/wp\/v2\/country?post=40392"}],"curies":[{"name":"wp","href":"https:\/\/api.w.org\/{rel}","templated":true}]}}