
{"id":40446,"date":"2022-01-28T11:28:44","date_gmt":"2022-01-28T10:28:44","guid":{"rendered":"http:\/\/castegnaro.preprod.web-sites.lu\/?p=40446"},"modified":"2022-09-13T11:41:41","modified_gmt":"2022-09-13T09:41:41","slug":"projet-de-loi-portant-sur-la-protection-des-personnes-qui-signalent-des-violations-du-droit-de-lunion","status":"publish","type":"post","link":"https:\/\/castegnaro.preprod.web-sites.lu\/fr\/projet-de-loi-portant-sur-la-protection-des-personnes-qui-signalent-des-violations-du-droit-de-lunion\/","title":{"rendered":"Projet de loi portant sur la protection des personnes qui signalent des violations du droit de l&rsquo;Union"},"content":{"rendered":"<div name=\"module-insight-bloc-paragraph\" class=\"container-px-25 mt-30 paragraph-body-small lg:mt-20 lg:text-20\">\n    \n    <p>Le Projet de loi n\u00b07945 portant transposition de la directive (UE) 2019\/1937 du Parlement europ\u00e9en et du Conseil du 23 octobre 2019 sur la protection des personnes qui signalent des violations du droit de l&rsquo;Union (ci-apr\u00e8s, le \u00ab Projet de loi \u00bb)  a \u00e9t\u00e9 d\u00e9pos\u00e9 \u00e0 la Chambre des d\u00e9put\u00e9s le 10 janvier 2022. Le d\u00e9lai de transposition en droit national de la directive pr\u00e9cit\u00e9e \u00e9tait fix\u00e9 au 17 d\u00e9cembre 2021.<\/p>\n<p>La directive vise \u00e0 pallier la fragmentation actuelle des l\u00e9gislations de protection des lanceurs d\u2019alerte au sein de l\u2019Union europ\u00e9enne en introduisant des r\u00e8gles et garanties minimales.<\/p>\n<p>Les principales nouveaut\u00e9s introduites par le projet de loi sont les suivantes :<\/p>\n<p>La violation de quelles lois peut-elle \u00eatre d\u00e9nonc\u00e9e ?<br \/>\nLe gouvernement luxembourgeois a fait le choix, dans le projet de loi, d\u2019\u00e9tendre le champ d\u2019application mat\u00e9riel de la directive \u00e0 l\u2019ensemble du droit national. Le gouvernement souhaite garantir un cadre complet et coh\u00e9rent de protection des lanceurs d\u2019alerte. Les violations du droit national peuvent en effet porter gravement atteinte \u00e0 l\u2019int\u00e9r\u00eat public.<\/p>\n<p>La l\u00e9gislation actuelle ne concerne que le signalement d\u2019infractions li\u00e9es \u00e0 la corruption, au trafic d\u2019influence et \u00e0 la prise ill\u00e9gale d\u2019int\u00e9r\u00eats.<\/p>\n<p>Qui peut \u00eatre lanceur d\u2019alerte ?<br \/>\nLes travailleurs, les fonctionnaires mais aussi les actionnaires, les personnes dont la relation de travail a pris fin ou n\u2019a pas encore d\u00e9but\u00e9e, les sous-traitants, etc. La l\u00e9gislation actuelle prot\u00e8ge uniquement les salari\u00e9s et les fonctionnaires.<\/p>\n<p>Le projet de loi propose d\u2019introduire des moyens de protection couvrant ces diff\u00e9rentes cat\u00e9gories de personnes. Ainsi, toute formes de repr\u00e9sailles, y compris les menaces et tentatives de repr\u00e9sailles, sont interdites. Sont notamment interdits la suspension d\u2019un contrat de travail, la mise \u00e0 pied, le licenciement, le non-renouvellement ou la r\u00e9siliation anticip\u00e9e d\u2019un contrat de travail \u00e0 dur\u00e9e d\u00e9termin\u00e9e ou des mesures \u00e9quivalentes.<\/p>\n<p><strong>\t<\/p>\n<li>Comment lancer l\u2019alerte ?<\/li>\n<p><\/strong><br \/>\nLes entreprises de plus de 50 salari\u00e9s devront mettre en place des canaux de signalements internes permettant aux lanceurs d\u2019alerte d\u2019informer en toute confidentialit\u00e9 leur employeur sur des violations importantes. En cas de non-respect de cette obligation, les autorit\u00e9s comp\u00e9tentes peuvent infliger aux entreprises une amende administrative de 1.500 euros \u00e0 250.000 euros.<\/p>\n<p>Le lanceur d\u2019alerte sera en mesure de signaler un comportement contraire aux r\u00e8gles en vigueur soit en interne \u00e0 l\u2019entit\u00e9 juridique concern\u00e9e, soit directement aux autorit\u00e9s nationales comp\u00e9tentes. L\u2019acc\u00e8s \u00e0 des canaux de signalement interne et externe permettra ainsi d\u2019offrir aux lanceurs d\u2019alerte des modes de signalement plus appropri\u00e9s, de sorte que la divulgation au public ne devrait \u00eatre envisag\u00e9e qu\u2019en dernier ressort en cas d\u2019impossibilit\u00e9 manifeste d\u2019agir autrement.<\/p>\n<p>Sont \u00e9galement soumis \u00e0 l\u2019obligation de mettre en place un canal interne \u00ab toutes les entit\u00e9s juridiques du secteur public, y compris toute entit\u00e9 appartenant \u00e0 de telles entit\u00e9s ou contr\u00f4l\u00e9e par de telles entit\u00e9s \u00bb.<\/p>\n<li>\nAssistance aux lanceurs d\u2019alerte<\/li>\n<p>Le projet de loi pr\u00e9voit l\u2019introduction d\u2019une instance ayant pour mission d\u2019informer et d\u2019aider les auteurs de signalements. Cette instance aura en outre comme comp\u00e9tence de sensibiliser le public aux droits des lanceurs d\u2019alerte.<\/p>\n<p>Les attributions de cette instance n\u2019empi\u00e8tent pas sur les comp\u00e9tences qu\u2019exercent les autorit\u00e9s comp\u00e9tentes sectorielles telles que l\u2019Ordre des avocats ou la Commission de surveillance du secteur financier qui sont charg\u00e9es de recueillir les signalements dans le cadre de leurs missions et comp\u00e9tences respectives.<\/p>\n   \n<\/div>","protected":false},"excerpt":{"rendered":"","protected":false},"author":8,"featured_media":0,"comment_status":"closed","ping_status":"closed","sticky":false,"template":"","format":"standard","meta":{"footnotes":""},"categories":[1],"tags":[],"country":[],"class_list":["post-40446","post","type-post","status-publish","format-standard","hentry","category-article","entry"],"_links":{"self":[{"href":"https:\/\/castegnaro.preprod.web-sites.lu\/fr\/wp-json\/wp\/v2\/posts\/40446","targetHints":{"allow":["GET"]}}],"collection":[{"href":"https:\/\/castegnaro.preprod.web-sites.lu\/fr\/wp-json\/wp\/v2\/posts"}],"about":[{"href":"https:\/\/castegnaro.preprod.web-sites.lu\/fr\/wp-json\/wp\/v2\/types\/post"}],"author":[{"embeddable":true,"href":"https:\/\/castegnaro.preprod.web-sites.lu\/fr\/wp-json\/wp\/v2\/users\/8"}],"replies":[{"embeddable":true,"href":"https:\/\/castegnaro.preprod.web-sites.lu\/fr\/wp-json\/wp\/v2\/comments?post=40446"}],"version-history":[{"count":6,"href":"https:\/\/castegnaro.preprod.web-sites.lu\/fr\/wp-json\/wp\/v2\/posts\/40446\/revisions"}],"predecessor-version":[{"id":40470,"href":"https:\/\/castegnaro.preprod.web-sites.lu\/fr\/wp-json\/wp\/v2\/posts\/40446\/revisions\/40470"}],"wp:attachment":[{"href":"https:\/\/castegnaro.preprod.web-sites.lu\/fr\/wp-json\/wp\/v2\/media?parent=40446"}],"wp:term":[{"taxonomy":"category","embeddable":true,"href":"https:\/\/castegnaro.preprod.web-sites.lu\/fr\/wp-json\/wp\/v2\/categories?post=40446"},{"taxonomy":"post_tag","embeddable":true,"href":"https:\/\/castegnaro.preprod.web-sites.lu\/fr\/wp-json\/wp\/v2\/tags?post=40446"},{"taxonomy":"country","embeddable":true,"href":"https:\/\/castegnaro.preprod.web-sites.lu\/fr\/wp-json\/wp\/v2\/country?post=40446"}],"curies":[{"name":"wp","href":"https:\/\/api.w.org\/{rel}","templated":true}]}}