
{"id":40505,"date":"2021-12-17T13:48:09","date_gmt":"2021-12-17T12:48:09","guid":{"rendered":"http:\/\/castegnaro.preprod.web-sites.lu\/?p=40505"},"modified":"2022-09-13T11:42:05","modified_gmt":"2022-09-13T09:42:05","slug":"coronavirus-prolongation-de-laccord-sur-laffiliation-a-la-securite-sociale-des-travailleurs-frontaliers-allemands-belges-et-francais-jusquau-30-juin-2022","status":"publish","type":"post","link":"https:\/\/castegnaro.preprod.web-sites.lu\/fr\/coronavirus-prolongation-de-laccord-sur-laffiliation-a-la-securite-sociale-des-travailleurs-frontaliers-allemands-belges-et-francais-jusquau-30-juin-2022\/","title":{"rendered":"Coronavirus : prolongation de l\u2019accord sur l&rsquo;affiliation \u00e0 la s\u00e9curit\u00e9 sociale des travailleurs frontaliers allemands, belges et fran\u00e7ais jusqu&rsquo;au 30 juin 2022"},"content":{"rendered":"<div name=\"module-insight-bloc-paragraph\" class=\"container-px-25 mt-30 paragraph-body-small lg:mt-20 lg:text-20\">\n    \n    <p>Dans un communiqu\u00e9 du 16 d\u00e9cembre 2021, le Ministre de la s\u00e9curit\u00e9 sociale annonce que le Luxembourg a convenu avec l&rsquo;Allemagne, la Belgique et la France de prolonger <strong>jusqu\u2019au 30 juin 2022<\/strong> l\u2019accord amiable visant \u00e0 ne pas prendre en compte les jours de t\u00e9l\u00e9travail li\u00e9s \u00e0 la pand\u00e9mie de Covid-19 pour d\u00e9terminer la l\u00e9gislation de s\u00e9curit\u00e9 sociale applicable aux travailleurs frontaliers, accord qui devait prendre fin le 31 d\u00e9cembre 2021.<\/p>\n<p>Jusqu\u2019au 30 juin 2022, les jours de t\u00e9l\u00e9travail prest\u00e9s \u00e0 domicile par les salari\u00e9s frontaliers en raison des mesures de lutte contre la propagation du Covid-19 continueront \u00e0 ne pas \u00eatre pris en compte pour le calcul du seuil de 25 % qui d\u00e9termine la l\u00e9gislation de s\u00e9curit\u00e9 sociale applicable, et ce afin d\u2019\u00e9viter un changement d\u2019affiliation du seul fait du t\u00e9l\u00e9travail li\u00e9 au Covid-19.<\/p>\n<p>Pour rappel, en mati\u00e8re fiscale, les accords applicables aux travailleurs frontaliers allemands, belges et fran\u00e7ais concernant les jours de t\u00e9l\u00e9travail li\u00e9s \u00e0 la pand\u00e9mie de Covid-19 ont \u00e9galement \u00e9t\u00e9 prolong\u00e9s jusqu\u2019au 31 mars 2022, puis, \u00e0 d\u00e9faut de d\u00e9nonciation, jusqu\u2019au 30 juin 2022 .<\/p>\n   \n<\/div>","protected":false},"excerpt":{"rendered":"","protected":false},"author":8,"featured_media":0,"comment_status":"closed","ping_status":"closed","sticky":false,"template":"","format":"standard","meta":{"footnotes":""},"categories":[1],"tags":[],"country":[],"class_list":["post-40505","post","type-post","status-publish","format-standard","hentry","category-article","entry"],"_links":{"self":[{"href":"https:\/\/castegnaro.preprod.web-sites.lu\/fr\/wp-json\/wp\/v2\/posts\/40505","targetHints":{"allow":["GET"]}}],"collection":[{"href":"https:\/\/castegnaro.preprod.web-sites.lu\/fr\/wp-json\/wp\/v2\/posts"}],"about":[{"href":"https:\/\/castegnaro.preprod.web-sites.lu\/fr\/wp-json\/wp\/v2\/types\/post"}],"author":[{"embeddable":true,"href":"https:\/\/castegnaro.preprod.web-sites.lu\/fr\/wp-json\/wp\/v2\/users\/8"}],"replies":[{"embeddable":true,"href":"https:\/\/castegnaro.preprod.web-sites.lu\/fr\/wp-json\/wp\/v2\/comments?post=40505"}],"version-history":[{"count":7,"href":"https:\/\/castegnaro.preprod.web-sites.lu\/fr\/wp-json\/wp\/v2\/posts\/40505\/revisions"}],"predecessor-version":[{"id":40512,"href":"https:\/\/castegnaro.preprod.web-sites.lu\/fr\/wp-json\/wp\/v2\/posts\/40505\/revisions\/40512"}],"wp:attachment":[{"href":"https:\/\/castegnaro.preprod.web-sites.lu\/fr\/wp-json\/wp\/v2\/media?parent=40505"}],"wp:term":[{"taxonomy":"category","embeddable":true,"href":"https:\/\/castegnaro.preprod.web-sites.lu\/fr\/wp-json\/wp\/v2\/categories?post=40505"},{"taxonomy":"post_tag","embeddable":true,"href":"https:\/\/castegnaro.preprod.web-sites.lu\/fr\/wp-json\/wp\/v2\/tags?post=40505"},{"taxonomy":"country","embeddable":true,"href":"https:\/\/castegnaro.preprod.web-sites.lu\/fr\/wp-json\/wp\/v2\/country?post=40505"}],"curies":[{"name":"wp","href":"https:\/\/api.w.org\/{rel}","templated":true}]}}