
{"id":40578,"date":"2021-04-04T14:49:00","date_gmt":"2021-04-04T12:49:00","guid":{"rendered":"http:\/\/castegnaro.preprod.web-sites.lu\/?p=40578"},"modified":"2022-09-13T12:01:38","modified_gmt":"2022-09-13T10:01:38","slug":"droit-a-la-deconnexion-quels-impacts-pour-lemployeur","status":"publish","type":"post","link":"https:\/\/castegnaro.preprod.web-sites.lu\/fr\/droit-a-la-deconnexion-quels-impacts-pour-lemployeur\/","title":{"rendered":"Droit \u00e0 la d\u00e9connexion: quels impacts pour l\u2019employeur?"},"content":{"rendered":"<div name=\"module-insight-bloc-paragraph\" class=\"container-px-25 mt-30 paragraph-body-small lg:mt-20 lg:text-20\">\n    \n    <p>Le Projet de loi visant \u00e0 introduire le droit \u00e0 la d\u00e9connexion dans le Code du travail a \u00e9t\u00e9 d\u00e9pos\u00e9 \u00e0 la Chambre des d\u00e9put\u00e9s le 28 septembre 2021. \u00c0 quelles nouvelles mesures et obligations les employeurs doivent-ils se pr\u00e9parer en la mati\u00e8re?<\/p>\n   \n<\/div>","protected":false},"excerpt":{"rendered":"","protected":false},"author":8,"featured_media":0,"comment_status":"closed","ping_status":"closed","sticky":false,"template":"","format":"standard","meta":{"footnotes":""},"categories":[1],"tags":[],"country":[],"class_list":["post-40578","post","type-post","status-publish","format-standard","hentry","category-article","entry"],"_links":{"self":[{"href":"https:\/\/castegnaro.preprod.web-sites.lu\/fr\/wp-json\/wp\/v2\/posts\/40578","targetHints":{"allow":["GET"]}}],"collection":[{"href":"https:\/\/castegnaro.preprod.web-sites.lu\/fr\/wp-json\/wp\/v2\/posts"}],"about":[{"href":"https:\/\/castegnaro.preprod.web-sites.lu\/fr\/wp-json\/wp\/v2\/types\/post"}],"author":[{"embeddable":true,"href":"https:\/\/castegnaro.preprod.web-sites.lu\/fr\/wp-json\/wp\/v2\/users\/8"}],"replies":[{"embeddable":true,"href":"https:\/\/castegnaro.preprod.web-sites.lu\/fr\/wp-json\/wp\/v2\/comments?post=40578"}],"version-history":[{"count":2,"href":"https:\/\/castegnaro.preprod.web-sites.lu\/fr\/wp-json\/wp\/v2\/posts\/40578\/revisions"}],"predecessor-version":[{"id":40580,"href":"https:\/\/castegnaro.preprod.web-sites.lu\/fr\/wp-json\/wp\/v2\/posts\/40578\/revisions\/40580"}],"wp:attachment":[{"href":"https:\/\/castegnaro.preprod.web-sites.lu\/fr\/wp-json\/wp\/v2\/media?parent=40578"}],"wp:term":[{"taxonomy":"category","embeddable":true,"href":"https:\/\/castegnaro.preprod.web-sites.lu\/fr\/wp-json\/wp\/v2\/categories?post=40578"},{"taxonomy":"post_tag","embeddable":true,"href":"https:\/\/castegnaro.preprod.web-sites.lu\/fr\/wp-json\/wp\/v2\/tags?post=40578"},{"taxonomy":"country","embeddable":true,"href":"https:\/\/castegnaro.preprod.web-sites.lu\/fr\/wp-json\/wp\/v2\/country?post=40578"}],"curies":[{"name":"wp","href":"https:\/\/api.w.org\/{rel}","templated":true}]}}