
{"id":40642,"date":"2021-09-02T13:26:43","date_gmt":"2021-09-02T11:26:43","guid":{"rendered":"http:\/\/castegnaro.preprod.web-sites.lu\/?p=40642"},"modified":"2022-09-13T11:44:43","modified_gmt":"2022-09-13T09:44:43","slug":"point-sur-le-teletravail-des-salaries-frontaliers-belges","status":"publish","type":"post","link":"https:\/\/castegnaro.preprod.web-sites.lu\/fr\/point-sur-le-teletravail-des-salaries-frontaliers-belges\/","title":{"rendered":"Point sur le t\u00e9l\u00e9travail des salari\u00e9s frontaliers Belges"},"content":{"rendered":"<div name=\"module-insight-bloc-paragraph\" class=\"container-px-25 mt-30 paragraph-body-small lg:mt-20 lg:text-20\">\n    \n    <p>Dans une\u00a0<a href=\"https:\/\/gouvernement.lu\/fr\/actualites\/toutes_actualites\/communiques\/2021\/08-aout\/31-declaration-gaichel.html\">d\u00e9claration conjointe du 31 ao\u00fbt 2021<\/a>, les gouvernements\u00a0<strong>Belge<\/strong>\u00a0et\u00a0<strong>Luxembourgeois<\/strong>\u00a0ont annonc\u00e9 qu\u2019<strong>\u00e0 partir de l\u2019ann\u00e9e 2022<\/strong>, et au-del\u00e0 de tout contexte de pand\u00e9mie Covid-19, un travailleur transfrontalier pourra exercer son activit\u00e9 pendant une p\u00e9riode de\u00a0<strong>34 jours<\/strong>\u00a0en dehors de l&rsquo;\u00c9tat d&rsquo;activit\u00e9 habituel, tout en restant imposable dans cet \u00c9tat, soit 10 jours de plus qu\u2019actuellement.<\/p>\n<p>A ce jour, et conform\u00e9ment \u00e0 l\u2019<a href=\"https:\/\/impotsdirects.public.lu\/dam-assets\/fr\/conventions\/conv\/BELUaccordAmiableSigne19052020.pdf\">accord amiable<\/a>\u00a0conclu entre la Belgique et le Luxembourg dans le contexte de la pand\u00e9mie\u00a0<strong>Covid-19,<\/strong>\u00a0les jours de t\u00e9l\u00e9travail effectu\u00e9s \u00e0 domicile ne sont pas pris en compte pour le calcul du seuil de 24 jours actuellement applicable, et ce jusqu\u2019au\u00a0<strong>30 septembre 2021<\/strong>\u00a0(cf. notre\u00a0<a href=\"https:\/\/www.castegnaro.lu\/fr\/news-events\/m\/a\/coronavirus-prolongation-des-accords-sur-le-traitement-fiscal-et-laffiliation-a-la-securite-sociale-des-frontaliers-francais-et-belges\/\">Newsflash du 17 juin 2021<\/a>).<\/p>\n<p>Selon un\u00a0<a href=\"https:\/\/gouvernement.lu\/fr\/actualites\/toutes_actualites\/communiques\/2021\/08-aout\/31-gaichel-accords-domaine-fiscal.html\">communiqu\u00e9<\/a>\u00a0du minist\u00e8re des finances du 31 ao\u00fbt 2021, la prolongation de cet accord amiable jusqu\u2019\u00e0 la fin de l\u2019ann\u00e9e 2021 est en cours de discussion.<\/p>\n<p>Concernant l\u2019affiliation \u00e0 la\u00a0<strong>s\u00e9curit\u00e9 sociale<\/strong>, l\u2019accord amiable conclu entre la Belgique et le Luxembourg selon lequel les jours de t\u00e9l\u00e9travail li\u00e9s \u00e0 la crise du Covid-19 ne sont pas pris en compte pour d\u00e9terminer la l\u00e9gislation de s\u00e9curit\u00e9 sociale applicable aux salari\u00e9s frontaliers, est applicable\u00a0<strong>jusqu\u2019au 31 d\u00e9cembre 2021<\/strong>.<\/p>\n   \n<\/div>","protected":false},"excerpt":{"rendered":"","protected":false},"author":8,"featured_media":0,"comment_status":"closed","ping_status":"closed","sticky":false,"template":"","format":"standard","meta":{"footnotes":""},"categories":[1],"tags":[],"country":[],"class_list":["post-40642","post","type-post","status-publish","format-standard","hentry","category-article","entry"],"_links":{"self":[{"href":"https:\/\/castegnaro.preprod.web-sites.lu\/fr\/wp-json\/wp\/v2\/posts\/40642","targetHints":{"allow":["GET"]}}],"collection":[{"href":"https:\/\/castegnaro.preprod.web-sites.lu\/fr\/wp-json\/wp\/v2\/posts"}],"about":[{"href":"https:\/\/castegnaro.preprod.web-sites.lu\/fr\/wp-json\/wp\/v2\/types\/post"}],"author":[{"embeddable":true,"href":"https:\/\/castegnaro.preprod.web-sites.lu\/fr\/wp-json\/wp\/v2\/users\/8"}],"replies":[{"embeddable":true,"href":"https:\/\/castegnaro.preprod.web-sites.lu\/fr\/wp-json\/wp\/v2\/comments?post=40642"}],"version-history":[{"count":3,"href":"https:\/\/castegnaro.preprod.web-sites.lu\/fr\/wp-json\/wp\/v2\/posts\/40642\/revisions"}],"predecessor-version":[{"id":40645,"href":"https:\/\/castegnaro.preprod.web-sites.lu\/fr\/wp-json\/wp\/v2\/posts\/40642\/revisions\/40645"}],"wp:attachment":[{"href":"https:\/\/castegnaro.preprod.web-sites.lu\/fr\/wp-json\/wp\/v2\/media?parent=40642"}],"wp:term":[{"taxonomy":"category","embeddable":true,"href":"https:\/\/castegnaro.preprod.web-sites.lu\/fr\/wp-json\/wp\/v2\/categories?post=40642"},{"taxonomy":"post_tag","embeddable":true,"href":"https:\/\/castegnaro.preprod.web-sites.lu\/fr\/wp-json\/wp\/v2\/tags?post=40642"},{"taxonomy":"country","embeddable":true,"href":"https:\/\/castegnaro.preprod.web-sites.lu\/fr\/wp-json\/wp\/v2\/country?post=40642"}],"curies":[{"name":"wp","href":"https:\/\/api.w.org\/{rel}","templated":true}]}}