
{"id":40655,"date":"2021-07-29T13:30:24","date_gmt":"2021-07-29T11:30:24","guid":{"rendered":"http:\/\/castegnaro.preprod.web-sites.lu\/?p=40655"},"modified":"2022-09-13T11:45:02","modified_gmt":"2022-09-13T09:45:02","slug":"precisions-de-la-cjue-concernant-le-port-de-signes-religieux-au-travail","status":"publish","type":"post","link":"https:\/\/castegnaro.preprod.web-sites.lu\/fr\/precisions-de-la-cjue-concernant-le-port-de-signes-religieux-au-travail\/","title":{"rendered":"Pr\u00e9cisions de la CJUE concernant le port de signes religieux au travail"},"content":{"rendered":"<div name=\"module-insight-bloc-paragraph\" class=\"container-px-25 mt-30 paragraph-body-small lg:mt-20 lg:text-20\">\n    \n    <p>Dans un\u00a0<a href=\"https:\/\/curia.europa.eu\/juris\/document\/document.jsf;jsessionid=9B84AB75DCFCF680C4F7383021D228A2?text=&amp;docid=244180&amp;pageIndex=0&amp;doclang=fr&amp;mode=lst&amp;dir=&amp;occ=first&amp;part=1&amp;cid=5889463\">arr\u00eat du 15 juillet 2021<\/a><a title=\"\" href=\"https:\/\/www.castegnaro.lu\/fr\/news-events\/m\/a\/signes-religieux-au-travail-precisions-de-la-cjue-concernant-le-port-de-\/#_ftn1\" name=\"_ftnref1\">[1]<\/a>, la Cour de Justice de l\u2019Union Europ\u00e9enne (CJUE) a notamment jug\u00e9 que\u00a0<strong>l\u2019interdiction de porter toute forme visible d\u2019expression des convictions politiques, philosophiques ou religieuses sur le lieu de travail peut \u00eatre justifi\u00e9e, sous certaines conditions, par le besoin de l\u2019employeur de se pr\u00e9senter de mani\u00e8re neutre \u00e0 l\u2019\u00e9gard des clients ou de pr\u00e9venir des conflits sociaux.<\/strong><\/p>\n<p>L\u2019affaire en cause concerne deux salari\u00e9es employ\u00e9es par des soci\u00e9t\u00e9s de droit allemand, l\u2019une en tant qu\u2019\u00e9ducatrice sp\u00e9cialis\u00e9e au sein d\u2019une structure d\u2019accueil de jeunes enfants, et l\u2019autre en tant que conseill\u00e8re de vente dans un commerce, qui ont d\u00e9cid\u00e9 de porter un foulard islamique sur leur lieu de travail respectif.<\/p>\n<p>L\u2019employeur de la salari\u00e9e \u00e9ducatrice demanda \u00e0 cette derni\u00e8re de retirer son foulard au motif qu\u2019il ne correspondait pas \u00e0 la politique de neutralit\u00e9 politique, philosophique et religieuse poursuivie \u00e0 l\u2019\u00e9gard des parents, des enfants et des tiers. La salari\u00e9e refusa et f\u00fbt, \u00e0 deux reprises, provisoirement suspendue de ses fonctions et sanctionn\u00e9e par un avertissement.<\/p>\n<p>Face au refus de la salari\u00e9e conseill\u00e8re de vente de retirer son foulard islamique sur le lieu de travail, l\u2019employeur de cette derni\u00e8re l\u2019affecta d\u2019abord \u00e0 un autre poste lui permettant de porter ledit foulard. Puis, face \u00e0 un nouveau refus, il la renvoya chez elle et lui enjoignit de se pr\u00e9senter sur le lieu de travail sans signe ostentatoire et de grande taille d\u2019expression d\u2019une quelconque conviction religieuse, politique ou philosophique.<\/p>\n<p>Chacune des salari\u00e9es ayant intent\u00e9 un recours devant les juridictions allemandes contre les d\u00e9cisions prises par l\u2019employeur, les tribunaux nationaux ont demand\u00e9 \u00e0 la CJUE d\u2019interpr\u00e9ter la Directive<a title=\"\" href=\"https:\/\/www.castegnaro.lu\/fr\/news-events\/m\/a\/signes-religieux-au-travail-precisions-de-la-cjue-concernant-le-port-de-\/#_ftn2\" name=\"_ftnref2\">[2]<\/a>\u00a0relative \u00e0 l\u2019\u00e9galit\u00e9 de traitement en lui posant notamment la question suivante\u00a0:\u00a0<strong>\u00a0une r\u00e8gle interne d\u2019une entreprise, interdisant aux travailleurs de porter tout signe visible de convictions politiques, philosophiques ou religieuses sur le lieu de travail, constitue-t-elle une discrimination directe ou indirecte fond\u00e9e sur la religion ou sur les convictions\u00a0?<\/strong><\/p>\n<p>L\u2019arr\u00eat du 15 juillet 2021 apporte les \u00e9l\u00e9ments de r\u00e9ponse suivants\u00a0:<\/p>\n<ul>\n<li><strong>Une telle r\u00e8gle ne constitue pas une discrimination directe si elle est appliqu\u00e9e de mani\u00e8re g\u00e9n\u00e9rale et indiff\u00e9renci\u00e9e<\/strong><\/li>\n<\/ul>\n<p>La CJUE confirme sa jurisprudence<a title=\"\" href=\"https:\/\/www.castegnaro.lu\/fr\/news-events\/m\/a\/signes-religieux-au-travail-precisions-de-la-cjue-concernant-le-port-de-\/#_ftn3\" name=\"_ftnref3\">[3]<\/a>\u00a0selon laquelle une telle r\u00e8gle interne ne constitue pas une discrimination directe d\u00e8s lors qu\u2019elle vise indiff\u00e9remment toute manifestation de telles convictions et traite de mani\u00e8re identique tous les travailleurs de l\u2019entreprise, en leur imposant, de mani\u00e8re g\u00e9n\u00e9rale et indiff\u00e9renci\u00e9e, une neutralit\u00e9 vestimentaire s\u2019opposant au port de tels signes.<\/p>\n<p>En revanche, la Cour pr\u00e9cise qu\u2019une interdiction qui ne couvrirait pas toute forme visible d\u2019expression des convictions, mais qui serait limit\u00e9e au port de signes ostentatoires et de grande taille, serait susceptible de traiter de mani\u00e8re moins favorable les travailleurs de certaines confessions plut\u00f4t que d\u2019autres, et \u00e9quivaudrait \u00e0 une discrimination directe insusceptible d\u2019\u00eatre justifi\u00e9e.<\/p>\n<ul>\n<li><strong>Une diff\u00e9rence de traitement indirectement fond\u00e9e sur la religion ou les convictions d\u00e9coulant d\u2019une telle r\u00e8gle est susceptible d\u2019\u00eatre justifi\u00e9e sous certaines conditions<\/strong><\/li>\n<\/ul>\n<p>Pour la CJUE, une diff\u00e9rence de traitement indirectement fond\u00e9e sur la religion ou les convictions, d\u00e9coulant d\u2019une telle r\u00e8gle interne, est susceptible d\u2019\u00eatre\u00a0<strong>justifi\u00e9e par la volont\u00e9 de l\u2019employeur de poursuivre une politique de neutralit\u00e9<\/strong>\u00a0politique, philosophique et religieuse, pour autant que les conditions suivantes sont r\u00e9unies :<\/p>\n<ul>\n<li>la politique de neutralit\u00e9 doit r\u00e9pondre \u00e0 un<strong>\u00a0besoin v\u00e9ritable de l\u2019employeur, qu\u2019il lui appartient de prouver\u00a0<\/strong>en prenant notamment en consid\u00e9ration\u00a0:<\/li>\n<\/ul>\n<ul>\n<li>les attentes l\u00e9gitimes des clients ou usagers, et<\/li>\n<li>les cons\u00e9quences d\u00e9favorables qu\u2019il subirait en l\u2019absence d\u2019une telle politique de neutralit\u00e9, compte tenu de la nature de ses activit\u00e9s ou du contexte dans lequel elles s\u2019inscrivent.<\/li>\n<\/ul>\n<p>La Cour pr\u00e9cise \u00e0 ce titre que tant la pr\u00e9vention des conflits sociaux que l\u2019affichage d\u2019une image de neutralit\u00e9 vis-\u00e0-vis des clients peuvent correspondre \u00e0 un besoin v\u00e9ritable de l\u2019employeur, ce qu\u2019il doit d\u00e9montrer\u00a0;<\/p>\n<ul>\n<li>la politique de neutralit\u00e9 doit \u00eatre suivie de mani\u00e8re<strong>\u00a0coh\u00e9rente et syst\u00e9matique\u00a0;<\/strong><\/li>\n<li>l\u2019interdiction de porter tout signe visible doit \u00eatre\u00a0<strong>limit\u00e9e au strict n\u00e9cessaire<\/strong>\u00a0au regard de l\u2019ampleur et de la gravit\u00e9 r\u00e9elles des cons\u00e9quences d\u00e9favorables que l\u2019employeur cherche \u00e0 \u00e9viter.<\/li>\n<\/ul>\n<ul>\n<li><strong>Les dispositions nationales prot\u00e9geant la libert\u00e9 de religion peuvent \u00eatre prises en compte par les juges nationaux qui b\u00e9n\u00e9ficient d\u2019une marge d\u2019appr\u00e9ciation<\/strong><\/li>\n<\/ul>\n<p>La CJUE pr\u00e9cise enfin que dans le cadre de la conciliation des droits et int\u00e9r\u00eats en cause, les juridictions nationales peuvent tenir compte du contexte propre \u00e0 leur \u00c9tat membre, et notamment des dispositions nationales plus favorables en ce qui concerne la protection de la libert\u00e9 de religion.<\/p>\n<p>&nbsp;<\/p>\n<div>\n<hr align=\"left\" size=\"1\" width=\"33%\" \/>\n<div id=\"ftn1\">\n<p><a title=\"\" href=\"https:\/\/www.castegnaro.lu\/fr\/news-events\/m\/a\/signes-religieux-au-travail-precisions-de-la-cjue-concernant-le-port-de-\/#_ftnref1\" name=\"_ftn1\">[1]<\/a>\u00a0Arr\u00eat CJUE du 15 juillet 2021, aff. C-804\/18 et C-341\/19.<\/p>\n<\/div>\n<div id=\"ftn2\">\n<p><a title=\"\" href=\"https:\/\/www.castegnaro.lu\/fr\/news-events\/m\/a\/signes-religieux-au-travail-precisions-de-la-cjue-concernant-le-port-de-\/#_ftnref2\" name=\"_ftn2\">[2]<\/a>\u00a0<a href=\"https:\/\/eur-lex.europa.eu\/legal-content\/FR\/TXT\/?uri=celex%3A32000L0078\">Directive 2000\/78\/CE<\/a>\u00a0du Conseil, du 27 novembre 2000, portant cr\u00e9ation d\u2019un cadre g\u00e9n\u00e9ral en faveur de l\u2019\u00e9galit\u00e9 de traitement en mati\u00e8re d\u2019emploi et de travail.<\/p>\n<\/div>\n<div id=\"ftn3\">\n<p><a title=\"\" href=\"https:\/\/www.castegnaro.lu\/fr\/news-events\/m\/a\/signes-religieux-au-travail-precisions-de-la-cjue-concernant-le-port-de-\/#_ftnref3\" name=\"_ftn3\">[3]<\/a>\u00a0<a href=\"https:\/\/curia.europa.eu\/juris\/document\/document.jsf?text=&amp;docid=188852&amp;pageIndex=0&amp;doclang=fr&amp;mode=lst&amp;dir=&amp;occ=first&amp;part=1&amp;cid=5889690\">Arr\u00eat CJUE du 14 mars 2017<\/a>, aff. C-157\/15, G4S Secure Solutions.<\/p>\n<\/div>\n<\/div>\n   \n<\/div>","protected":false},"excerpt":{"rendered":"","protected":false},"author":8,"featured_media":0,"comment_status":"closed","ping_status":"closed","sticky":false,"template":"","format":"standard","meta":{"footnotes":""},"categories":[1],"tags":[],"country":[],"class_list":["post-40655","post","type-post","status-publish","format-standard","hentry","category-article","entry"],"_links":{"self":[{"href":"https:\/\/castegnaro.preprod.web-sites.lu\/fr\/wp-json\/wp\/v2\/posts\/40655","targetHints":{"allow":["GET"]}}],"collection":[{"href":"https:\/\/castegnaro.preprod.web-sites.lu\/fr\/wp-json\/wp\/v2\/posts"}],"about":[{"href":"https:\/\/castegnaro.preprod.web-sites.lu\/fr\/wp-json\/wp\/v2\/types\/post"}],"author":[{"embeddable":true,"href":"https:\/\/castegnaro.preprod.web-sites.lu\/fr\/wp-json\/wp\/v2\/users\/8"}],"replies":[{"embeddable":true,"href":"https:\/\/castegnaro.preprod.web-sites.lu\/fr\/wp-json\/wp\/v2\/comments?post=40655"}],"version-history":[{"count":2,"href":"https:\/\/castegnaro.preprod.web-sites.lu\/fr\/wp-json\/wp\/v2\/posts\/40655\/revisions"}],"predecessor-version":[{"id":40657,"href":"https:\/\/castegnaro.preprod.web-sites.lu\/fr\/wp-json\/wp\/v2\/posts\/40655\/revisions\/40657"}],"wp:attachment":[{"href":"https:\/\/castegnaro.preprod.web-sites.lu\/fr\/wp-json\/wp\/v2\/media?parent=40655"}],"wp:term":[{"taxonomy":"category","embeddable":true,"href":"https:\/\/castegnaro.preprod.web-sites.lu\/fr\/wp-json\/wp\/v2\/categories?post=40655"},{"taxonomy":"post_tag","embeddable":true,"href":"https:\/\/castegnaro.preprod.web-sites.lu\/fr\/wp-json\/wp\/v2\/tags?post=40655"},{"taxonomy":"country","embeddable":true,"href":"https:\/\/castegnaro.preprod.web-sites.lu\/fr\/wp-json\/wp\/v2\/country?post=40655"}],"curies":[{"name":"wp","href":"https:\/\/api.w.org\/{rel}","templated":true}]}}