
{"id":40674,"date":"2021-07-02T13:38:17","date_gmt":"2021-07-02T11:38:17","guid":{"rendered":"http:\/\/castegnaro.preprod.web-sites.lu\/?p=40674"},"modified":"2022-09-13T11:59:31","modified_gmt":"2022-09-13T09:59:31","slug":"coronavirus-mesures-derogatoires-applicables-en-droit-du-travail-au-1er-juillet-2021","status":"publish","type":"post","link":"https:\/\/castegnaro.preprod.web-sites.lu\/fr\/coronavirus-mesures-derogatoires-applicables-en-droit-du-travail-au-1er-juillet-2021\/","title":{"rendered":"Coronavirus : mesures d\u00e9rogatoires applicables en droit du travail au 1er juillet 2021"},"content":{"rendered":"<div name=\"module-insight-bloc-paragraph\" class=\"container-px-25 mt-30 paragraph-body-small lg:mt-20 lg:text-20\">\n    \n    <p>Les mesures d\u00e9rogatoires suivantes, qui devaient cesser leurs effets au 30 juin 2021, ont \u00e9t\u00e9 prolong\u00e9es et restent applicables du 1<sup>er<\/sup>\u00a0juillet 2021<strong>\u00a0jusqu\u2019au 31 d\u00e9cembre 2021<\/strong>\u00a0:<\/p>\n<ul>\n<li><strong>Fixation du taux d\u2019indemnisation du ch\u00f4mage partiel<\/strong><\/li>\n<\/ul>\n<p>Le taux d\u2019indemnisation des ch\u00f4meurs partiels ne peut \u00eatre inf\u00e9rieur au montant du salaire social minimum pour salari\u00e9s non qualifi\u00e9s (2.201,93.-EUR.), jusqu\u2019au 31 d\u00e9cembre 2021<a title=\"\" href=\"https:\/\/www.castegnaro.lu\/fr\/news-events\/m\/a\/coronavirus-mesures-derogatoires-applicables-en-droit-du-travail-au-1er-juillet-202\/#_ftn1\" name=\"_ftnref1\">[1]<\/a>.<\/p>\n<ul>\n<li><strong>Suspension du calcul des int\u00e9r\u00eats moratoires pour les cotisations sociales non pay\u00e9es \u00e0 \u00e9ch\u00e9ance<\/strong><\/li>\n<\/ul>\n<p>La suspension du calcul des int\u00e9r\u00eats moratoires par le Centre commune de la s\u00e9curit\u00e9 sociale pour les cotisations non pay\u00e9es \u00e0 l&rsquo;\u00e9ch\u00e9ance reste applicable jusqu\u2019au 31 d\u00e9cembre 2021<a title=\"\" href=\"https:\/\/www.castegnaro.lu\/fr\/news-events\/m\/a\/coronavirus-mesures-derogatoires-applicables-en-droit-du-travail-au-1er-juillet-202\/#_ftn2\" name=\"_ftnref2\">[2]<\/a>.<\/p>\n<ul>\n<li><strong>Incapacit\u00e9 de travail pour mise en isolement\/quarantaine<\/strong><\/li>\n<\/ul>\n<p>Les mesures d\u00e9rogatoires relatives \u00e0 la protection contre le licenciement d\u2019un salari\u00e9 incapable de travailler pour cause de mise en quarantaine ou en isolement (cf. notre\u00a0<a href=\"https:\/\/www.castegnaro.lu\/fr\/news-events\/m\/a\/coronavirus-mesures-derogatoires-applicables-aux-incapacites-de-travail-pour-cause-de-mise-en-quarantaine-ou-en-isolement\/\">Newsflash du 22 d\u00e9cembre 2020<\/a>), et notamment l\u2019obligation de soumettre \u00e0 l\u2019employeur une ordonnance officielle de mise en quarantaine\/isolement au plus tard le huiti\u00e8me jour d\u2019absence, restent applicables jusqu\u2019au 31 d\u00e9cembre 2021<a title=\"\" href=\"https:\/\/www.castegnaro.lu\/fr\/news-events\/m\/a\/coronavirus-mesures-derogatoires-applicables-en-droit-du-travail-au-1er-juillet-202\/#_ftn3\" name=\"_ftnref3\">[3]<\/a>.<\/p>\n<ul>\n<li><strong>Cumul de l\u2019indemnit\u00e9 de pr\u00e9retraite avec une activit\u00e9 dans le secteur de la sant\u00e9, de l\u2019aide et des soins<\/strong><\/li>\n<\/ul>\n<p>La possibilit\u00e9, pour un salari\u00e9 b\u00e9n\u00e9ficiaire d\u2019une de conserver cette indemnit\u00e9 en cas de dans le secteur de la sant\u00e9, y compris les laboratoires d\u2019analyses m\u00e9dicales, ou dans le secteur d\u2019aides et soins, reste applicable jusqu\u2019au 31 d\u00e9cembre 2021<a title=\"\" href=\"https:\/\/www.castegnaro.lu\/fr\/news-events\/m\/a\/coronavirus-mesures-derogatoires-applicables-en-droit-du-travail-au-1er-juillet-202\/#_ftn4\" name=\"_ftnref4\">[4]<\/a>.<\/p>\n<p>Par ailleurs, sont toujours en vigueur au 1<sup>er<\/sup>\u00a0juillet 2021\u00a0les mesures d\u00e9rogatoires relatives\u00a0:<\/p>\n<ul>\n<li>au\u00a0<strong>cong\u00e9 pour raisons familiales extraordinaire<\/strong>, et ce jusqu\u2019au 17 juillet 2021 (cf. notre\u00a0<a href=\"https:\/\/www.castegnaro.lu\/fr\/news-events\/m\/a\/coronavirus-prolongation-du-conge-pour-raisons-familiales-extraordinaire-jusquau-17-juillet-2021\/\">Newsflash du 6 avril 2021<\/a>),<\/li>\n<li>au\u00a0<strong>cong\u00e9 pour soutien familial<\/strong>, et ce jusqu\u2019au 25 novembre 2021 (cf. notre\u00a0<a href=\"https:\/\/www.castegnaro.lu\/fr\/news-events\/m\/a\/conditions-doctroi-du-chomage-partiel-prolongation-du-conge-pour-soutien-familial\/\">Newsflash du 25 mai 2021<\/a>).<\/li>\n<\/ul>\n<div>\n<hr align=\"left\" size=\"1\" width=\"33%\" \/>\n<div id=\"ftn1\">\n<p>1.\u00a0<a href=\"http:\/\/legilux.public.lu\/eli\/etat\/leg\/rgd\/2021\/06\/30\/a488\/jo\">R\u00e8glement grand-ducal du 30 juin 2021 publi\u00e9 au M\u00e9morial A n\u00b0 448 du 30 juin 2021<\/a><\/p>\n<\/div>\n<div id=\"ftn2\">\n<p>2.\u00a0<a href=\"http:\/\/legilux.public.lu\/eli\/etat\/leg\/loi\/2021\/06\/12\/a442\/jo\">Loi du 12 juin 2021 publi\u00e9e au M\u00e9morial A n\u00b0 442 du 12 juin 2021<\/a><\/p>\n<p>3.\u00a0\u00a0<a href=\"http:\/\/legilux.public.lu\/eli\/etat\/leg\/loi\/2021\/06\/30\/a486\/jo\">Loi du 30 juin 2021 publi\u00e9e au M\u00e9morial A n\u00b0 486 du 30 juin 2021<\/a><\/p>\n<\/div>\n<div id=\"ftn4\">\n<p>4.\u00a0<a href=\"http:\/\/legilux.public.lu\/eli\/etat\/leg\/loi\/2021\/06\/30\/a487\/jo\">Loi du 30 juin 2021 publi\u00e9e au M\u00e9morial A n\u00b0 487 du 30 juin 2021<\/a><\/p>\n<\/div>\n<\/div>\n   \n<\/div>","protected":false},"excerpt":{"rendered":"","protected":false},"author":8,"featured_media":0,"comment_status":"closed","ping_status":"closed","sticky":false,"template":"","format":"standard","meta":{"footnotes":""},"categories":[1],"tags":[],"country":[],"class_list":["post-40674","post","type-post","status-publish","format-standard","hentry","category-article","entry"],"_links":{"self":[{"href":"https:\/\/castegnaro.preprod.web-sites.lu\/fr\/wp-json\/wp\/v2\/posts\/40674","targetHints":{"allow":["GET"]}}],"collection":[{"href":"https:\/\/castegnaro.preprod.web-sites.lu\/fr\/wp-json\/wp\/v2\/posts"}],"about":[{"href":"https:\/\/castegnaro.preprod.web-sites.lu\/fr\/wp-json\/wp\/v2\/types\/post"}],"author":[{"embeddable":true,"href":"https:\/\/castegnaro.preprod.web-sites.lu\/fr\/wp-json\/wp\/v2\/users\/8"}],"replies":[{"embeddable":true,"href":"https:\/\/castegnaro.preprod.web-sites.lu\/fr\/wp-json\/wp\/v2\/comments?post=40674"}],"version-history":[{"count":3,"href":"https:\/\/castegnaro.preprod.web-sites.lu\/fr\/wp-json\/wp\/v2\/posts\/40674\/revisions"}],"predecessor-version":[{"id":40677,"href":"https:\/\/castegnaro.preprod.web-sites.lu\/fr\/wp-json\/wp\/v2\/posts\/40674\/revisions\/40677"}],"wp:attachment":[{"href":"https:\/\/castegnaro.preprod.web-sites.lu\/fr\/wp-json\/wp\/v2\/media?parent=40674"}],"wp:term":[{"taxonomy":"category","embeddable":true,"href":"https:\/\/castegnaro.preprod.web-sites.lu\/fr\/wp-json\/wp\/v2\/categories?post=40674"},{"taxonomy":"post_tag","embeddable":true,"href":"https:\/\/castegnaro.preprod.web-sites.lu\/fr\/wp-json\/wp\/v2\/tags?post=40674"},{"taxonomy":"country","embeddable":true,"href":"https:\/\/castegnaro.preprod.web-sites.lu\/fr\/wp-json\/wp\/v2\/country?post=40674"}],"curies":[{"name":"wp","href":"https:\/\/api.w.org\/{rel}","templated":true}]}}