
{"id":40690,"date":"2021-07-14T13:43:09","date_gmt":"2021-07-14T11:43:09","guid":{"rendered":"http:\/\/castegnaro.preprod.web-sites.lu\/?p=40690"},"modified":"2022-09-13T11:59:07","modified_gmt":"2022-09-13T09:59:07","slug":"coronavirus-nouvelles-mesures-applicables-du-13-juin-au-15-juillet-2021","status":"publish","type":"post","link":"https:\/\/castegnaro.preprod.web-sites.lu\/fr\/coronavirus-nouvelles-mesures-applicables-du-13-juin-au-15-juillet-2021\/","title":{"rendered":"Coronavirus : nouvelles mesures applicables du 13 juin au 15 juillet 2021"},"content":{"rendered":"<div name=\"module-insight-bloc-paragraph\" class=\"container-px-25 mt-30 paragraph-body-small lg:mt-20 lg:text-20\">\n    \n    <p>La\u00a0<a href=\"http:\/\/legilux.public.lu\/eli\/etat\/leg\/loi\/2021\/06\/12\/a442\/jo\">Loi du 12 juin 2021<\/a>\u00a0portant modification de la loi modifi\u00e9e du 17 juillet 2020 sur les mesures de lutte contre la pand\u00e9mie Covid-19 (ci-apr\u00e8s la \u00ab\u00a0<strong><em>Loi\u00a0<\/em><\/strong>\u00bb) a \u00e9t\u00e9 publi\u00e9e au M\u00e9morial A n\u00b0 442 du 12 juin 2021.<\/p>\n<p>La loi produit ses effets du 13 juin 2021 au 15 juillet 2021 inclus et pr\u00e9voit notamment les nouveaut\u00e9s suivantes\u00a0:<\/p>\n<ul>\n<li><strong>Mesures de protection concernant les activit\u00e9s \u00e9conomiques\u00a0<\/strong><\/li>\n<\/ul>\n<ul>\n<li>Mise en place d\u2019un\u00a0<strong>r\u00e9gime Covid check<\/strong>\u00a0applicable \u00e0 des \u00e9tablissements accueillant un public, manifestations ou \u00e9v\u00e9nements dont l\u2019<strong>entr\u00e9e est exclusivement r\u00e9serv\u00e9e aux<\/strong>\u00a0personnes pouvant se pr\u00e9valoir\u00a0:<\/li>\n<li>soit d\u2019un\u00a0<strong>certificat de vaccination<\/strong>\u00a0tel que vis\u00e9 par la Loi muni d\u2019un code QR,<\/li>\n<li>soit d\u2019un\u00a0<strong>certificat de r\u00e9tablissement\u00a0<\/strong>tel que vis\u00e9 par la Loi muni d\u2019un code QR,<\/li>\n<li>soit d\u2019un\u00a0<strong>certificat de test Covid-19 n\u00e9gatif<\/strong>\u00a0tel que vis\u00e9 par la Loi et soit muni d\u2019un code QR, soit certifi\u00e9 conform\u00e9ment \u00e0 la Loi.<\/li>\n<\/ul>\n<p>La Loi pr\u00e9cise que le r\u00e9gime Covid-check fait l\u2019objet d\u2019une\u00a0<strong>notification pr\u00e9alable par voie \u00e9lectronique \u00e0 la Direction de la sant\u00e9 et d\u2019un affichage visible<\/strong>. Lors de la notification, le p\u00e9rim\u00e8tre du lieu de la manifestation ou de l\u2019\u00e9v\u00e9nement doit \u00eatre d\u00e9termin\u00e9 de mani\u00e8re pr\u00e9cise et la notification comprend l\u2019indication des dates ou p\u00e9riodes vis\u00e9es.<\/p>\n<ul>\n<li>Restaurants, d\u00e9bits de boissons et cantines d\u2019entreprise\u00a0:<strong>\u00a0si l\u2019exploitant de l\u2019\u00e9tablissement a opt\u00e9 pour le r\u00e9gime Covid check,\u00a0<\/strong>les conditions et<strong>\u00a0restrictions\u00a0<\/strong>impos\u00e9es par la Loi<strong>\u00a0ne s\u2019appliquent pas<\/strong>\u00a0concernant l\u2019accueil du public.<\/li>\n<\/ul>\n<ul>\n<li>Obligation pour tout exploitant d\u2019un centre commercial dont la surface de vente est \u00e9gale ou sup\u00e9rieure \u00e0 400 m2 et qui est dot\u00e9 d\u2019une galerie marchande de disposer d\u2019un\u00a0<strong>protocole sanitaire\u00a0<\/strong>\u00e0 accepter par la Direction de la sant\u00e9 dans les conditions pr\u00e9vues par la Loi.<\/li>\n<\/ul>\n<ul>\n<li><strong>Exemption de mise en quarantaine\u00a0<\/strong><\/li>\n<\/ul>\n<p>La Loi dispose que\u00a0<strong>les personnes vaccin\u00e9es ou r\u00e9tablies sont exempt\u00e9es de la mise en quarantaine<\/strong>\u00a0telle que pr\u00e9vue par la Loi en cas de contact avec une personne infect\u00e9e.<\/p>\n<ul>\n<li><strong>Acc\u00e8s au travail pour les professionnels de sant\u00e9\u00a0<\/strong><\/li>\n<\/ul>\n<p>Les professionnels de sant\u00e9 tels que vis\u00e9s par la Loi sont soumis \u00e0 l\u2019<strong>obligation<\/strong>\u00a0de pr\u00e9senter, trois fois par semaine \u00e0 l\u2019arriv\u00e9e sur le lieu de travail, un test autodiagnostique de d\u00e9pistage du Covid-19 r\u00e9alis\u00e9 sur place et dont le r\u00e9sultat est n\u00e9gatif. Les personnes vaccin\u00e9es, r\u00e9tablies, ou test\u00e9es n\u00e9gatives sont dispens\u00e9es de cette obligation.<\/p>\n<p>En cas de r\u00e9sultat positif, ou si la personne refuse ou est dans l\u2019impossibilit\u00e9 de pr\u00e9senter un certificat de vaccination, un certificat de r\u00e9tablissement ou un certificat de test Covid-19 n\u00e9gatif tels que vis\u00e9s par la Loi,\u00a0<strong>l\u2019acc\u00e8s au poste de travail est refus\u00e9<\/strong>.<\/p>\n   \n<\/div>","protected":false},"excerpt":{"rendered":"","protected":false},"author":8,"featured_media":0,"comment_status":"closed","ping_status":"closed","sticky":false,"template":"","format":"standard","meta":{"footnotes":""},"categories":[1],"tags":[],"country":[],"class_list":["post-40690","post","type-post","status-publish","format-standard","hentry","category-article","entry"],"_links":{"self":[{"href":"https:\/\/castegnaro.preprod.web-sites.lu\/fr\/wp-json\/wp\/v2\/posts\/40690","targetHints":{"allow":["GET"]}}],"collection":[{"href":"https:\/\/castegnaro.preprod.web-sites.lu\/fr\/wp-json\/wp\/v2\/posts"}],"about":[{"href":"https:\/\/castegnaro.preprod.web-sites.lu\/fr\/wp-json\/wp\/v2\/types\/post"}],"author":[{"embeddable":true,"href":"https:\/\/castegnaro.preprod.web-sites.lu\/fr\/wp-json\/wp\/v2\/users\/8"}],"replies":[{"embeddable":true,"href":"https:\/\/castegnaro.preprod.web-sites.lu\/fr\/wp-json\/wp\/v2\/comments?post=40690"}],"version-history":[{"count":2,"href":"https:\/\/castegnaro.preprod.web-sites.lu\/fr\/wp-json\/wp\/v2\/posts\/40690\/revisions"}],"predecessor-version":[{"id":40692,"href":"https:\/\/castegnaro.preprod.web-sites.lu\/fr\/wp-json\/wp\/v2\/posts\/40690\/revisions\/40692"}],"wp:attachment":[{"href":"https:\/\/castegnaro.preprod.web-sites.lu\/fr\/wp-json\/wp\/v2\/media?parent=40690"}],"wp:term":[{"taxonomy":"category","embeddable":true,"href":"https:\/\/castegnaro.preprod.web-sites.lu\/fr\/wp-json\/wp\/v2\/categories?post=40690"},{"taxonomy":"post_tag","embeddable":true,"href":"https:\/\/castegnaro.preprod.web-sites.lu\/fr\/wp-json\/wp\/v2\/tags?post=40690"},{"taxonomy":"country","embeddable":true,"href":"https:\/\/castegnaro.preprod.web-sites.lu\/fr\/wp-json\/wp\/v2\/country?post=40690"}],"curies":[{"name":"wp","href":"https:\/\/api.w.org\/{rel}","templated":true}]}}