
{"id":40697,"date":"2021-05-28T13:46:14","date_gmt":"2021-05-28T11:46:14","guid":{"rendered":"http:\/\/castegnaro.preprod.web-sites.lu\/?p=40697"},"modified":"2022-09-13T11:59:53","modified_gmt":"2022-09-13T09:59:53","slug":"coronavirus-projets-de-loi-visant-a-prolonger-certaines-mesures-derogatoires-au-dela-du-30-juin-2021","status":"publish","type":"post","link":"https:\/\/castegnaro.preprod.web-sites.lu\/fr\/coronavirus-projets-de-loi-visant-a-prolonger-certaines-mesures-derogatoires-au-dela-du-30-juin-2021\/","title":{"rendered":"Coronavirus : Projets de loi visant \u00e0 prolonger certaines mesures d\u00e9rogatoires au-del\u00e0 du 30 juin 2021"},"content":{"rendered":"<div name=\"module-insight-bloc-paragraph\" class=\"container-px-25 mt-30 paragraph-body-small lg:mt-20 lg:text-20\">\n    \n    <article>\n<section class=\"has-left-col one-whole@print\">\n<ul>\n<li><strong>Calcul des int\u00e9r\u00eats moratoires pour les cotisations sociales non pay\u00e9es \u00e0 \u00e9ch\u00e9ance<\/strong><\/li>\n<\/ul>\n<p>Le\u00a0<a href=\"https:\/\/www.chd.lu\/wps\/portal\/public\/Accueil\/TravailALaChambre\/Recherche\/RoleDesAffaires?action=doDocpaDetails&amp;id=7831&amp;backto=p0\/IZ7_28HHANET20F2A0A91N6L0M0CE3=CZ6_D2DVRI420G7Q402JEJ7USN3851=M\/\/\">Projet de loi n\u00b07831<\/a>\u00a0modifiant : 1. la loi modifi\u00e9e du 10 juillet 2020 portant prorogation de la d\u00e9rogation aux dispositions des articles 3, 6, 7 et 9 de la loi du 1er ao\u00fbt 2019 concernant les mutuelles ; 2. l&rsquo;article 16quater de la loi modifi\u00e9e du 17 juillet 2020 sur les mesures de lutte contre la pand\u00e9mie Covid-19, a \u00e9t\u00e9 d\u00e9pos\u00e9 \u00e0 la chambres des d\u00e9put\u00e9s le 2 juin 2021.<\/p>\n<p>Le Projet de loi envisage notamment de\u00a0<strong>prolonger jusqu\u2019au 31 d\u00e9cembre 2021 la suspension temporaire du calcul des int\u00e9r\u00eats moratoires\u00a0<\/strong>par le Centre commune de la s\u00e9curit\u00e9 sociale\u00a0<strong>pour les cotisations non pay\u00e9es \u00e0 l&rsquo;\u00e9ch\u00e9ance\u00a0<\/strong>(cf. notre\u00a0<a href=\"https:\/\/www.castegnaro.lu\/fr\/news-events\/m\/a\/coronavirus-nouvelles-mesures-covid-19-en-matiere-de-securite-sociale-destinees-aux-employeurs-et-aux-travailleurs-independants\/\">Newsflash du 4 f\u00e9vrier 2021<\/a>).<\/p>\n<ul>\n<li><strong>Incapacit\u00e9 de travail pour cause de mise en quarantaine ou en isolement<\/strong><\/li>\n<\/ul>\n<p>Le\u00a0<a href=\"https:\/\/www.chd.lu\/wps\/portal\/public\/Accueil\/TravailALaChambre\/Recherche\/RoleDesAffaires?action=doDocpaDetails&amp;id=7830\">Projet de loi n\u00b0 7830<\/a>\u00a0portant modification de la loi du 19 d\u00e9cembre 2020 portant d\u00e9rogation temporaire \u00e0 l&rsquo;article L. 121-6 du Code du travail, a \u00e9t\u00e9 d\u00e9pos\u00e9 \u00e0 la chambre des d\u00e9put\u00e9s le 1<sup>er<\/sup>\u00a0juin 2021.<\/p>\n<p>Le Projet de loi envisage de\u00a0<strong>prolonger jusqu\u2019au 31 d\u00e9cembre 2021<\/strong>\u00a0les mesures d\u00e9rogatoires relatives \u00e0 la protection contre le licenciement d\u2019un salari\u00e9 incapable de travailler pour cause de mise en quarantaine ou en isolement (cf. notre\u00a0<a href=\"https:\/\/www.castegnaro.lu\/fr\/news-events\/m\/a\/coronavirus-mesures-derogatoires-applicables-aux-incapacites-de-travail-pour-cause-de-mise-en-quarantaine-ou-en-isolement\/\">Newsflash du 22 d\u00e9cembre 2020<\/a>), et notamment la possibilit\u00e9 pour ce dernier de\u00a0<strong>soumettre \u00e0 l\u2019employeur une ordonnance officielle de mise en quarantaine\/isolement au plus tard le huiti\u00e8me jour\u00a0<\/strong>de son absence.<\/p>\n<ul>\n<li><strong>Pr\u00e9retraite et reprise d\u2019une activit\u00e9 dans les secteurs de la sant\u00e9, d\u2019aides et de soins<\/strong><\/li>\n<\/ul>\n<p>Le\u00a0<a href=\"https:\/\/www.chd.lu\/wps\/portal\/public\/Accueil\/TravailALaChambre\/Recherche\/RoleDesAffaires?action=doDocpaDetails&amp;id=7829\">Projet de loi n\u00b0 7829<\/a>\u00a0portant modification de la loi modifi\u00e9e du 20 juin 2020 portant : 1\u00b0 d\u00e9rogation temporaire \u00e0 certaines dispositions en mati\u00e8re de droit du travail en relation avec l&rsquo;\u00e9tat de crise li\u00e9 au Covid-19 ; 2\u00b0 modification du Code du travail, a \u00e9t\u00e9 d\u00e9pos\u00e9 \u00e0 la chambre des d\u00e9put\u00e9s le 1<sup>er<\/sup>\u00a0juin 2021.<\/p>\n<p>Le Projet de loi envisage de\u00a0<strong>prolonger jusqu\u2019au 31 d\u00e9cembre 2021<\/strong>\u00a0la possibilit\u00e9, pour un salari\u00e9 b\u00e9n\u00e9ficiaire d\u2019une\u00a0<strong>indemnit\u00e9 de pr\u00e9retraite,<\/strong>\u00a0de conserver cette indemnit\u00e9 en cas de\u00a0<strong>reprise d\u2019une activit\u00e9 de travail<\/strong>\u00a0dans le secteur de la sant\u00e9, y compris les laboratoires d\u2019analyses m\u00e9dicales, ou dans le secteur d\u2019aides et soins, par d\u00e9rogation \u00e0 l\u2019article L 585-6 du Code du travail.<\/p>\n<ul>\n<li><strong>Aide de relance en faveur de certaines entreprises<\/strong><\/li>\n<\/ul>\n<p>Selon le\u00a0<a href=\"https:\/\/gouvernement.lu\/fr\/actualites\/toutes_actualites\/communiques\/2021\/06-juin\/2-conseil-gouvernement.html\">communiqu\u00e9<\/a>\u00a0du Minist\u00e8re d\u2019Etat du 2 juin 2021, le Conseil de gouvernement r\u00e9uni le m\u00eame jour a marqu\u00e9 son accord avec le\u00a0<strong>projet de loi<a title=\"\" href=\"https:\/\/www.castegnaro.lu\/fr\/news-events\/m\/a\/coronavirus-projets-de-loi-visant-prolonger-certaines-mesures-derogatoires-au-dela-du-30-juin-2021\/#_ftn1\" name=\"_ftnref1\">[1]<\/a><\/strong>\u00a0qui viserait notamment \u00e0\u00a0<strong>prolonger, pour une dur\u00e9e de quatre mois, l&rsquo;aide de relance<\/strong>\u00a0en faveur des entreprises du\u00a0<strong>secteur de l&rsquo;HORECA, du divertissement, du sport, de l&rsquo;\u00e9v\u00e8nementiel et de la culture<\/strong>\u00a0dont les activit\u00e9s restent directement impact\u00e9es par les mesures sanitaires (cf. notre\u00a0<a href=\"https:\/\/www.castegnaro.lu\/fr\/news-events\/m\/a\/prolongation-de-certaines-aides-en-faveur-des-entreprises-prolongation-des-restrictions-dentree-au-luxembourg\/\">Newsflash du 30 mars 2021<\/a>).<\/p>\n<div>\n<hr align=\"left\" size=\"1\" width=\"33%\" \/>\n<div id=\"ftn1\">\n<p><a title=\"\" href=\"https:\/\/www.castegnaro.lu\/fr\/news-events\/m\/a\/coronavirus-projets-de-loi-visant-prolonger-certaines-mesures-derogatoires-au-dela-du-30-juin-2021\/#_ftnref1\" name=\"_ftn1\">[1]<\/a>\u00a0Projet de loi portant modification: 1\u00b0 de la loi modifi\u00e9e du 19 d\u00e9cembre 2020 ayant pour objet la mise en place d&rsquo;une nouvelle aide de relance;\u00a0 2\u00b0 de la loi modifi\u00e9e du 19 d\u00e9cembre 2020 ayant pour objet la mise en place d&rsquo;une contribution temporaire de l&rsquo;Etat aux co\u00fbts non couverts de certaines entreprises (num\u00e9ro du Projet de loi non encore disponible au jour de la r\u00e9daction du pr\u00e9sent Newsflash).<\/p>\n<\/div>\n<\/div>\n<\/section>\n<\/article>\n<div class=\"hide@print\">\n<ul class=\"nav social-share\">\n<li class=\"open-share\"><\/li>\n<\/ul>\n<\/div>\n   \n<\/div>","protected":false},"excerpt":{"rendered":"","protected":false},"author":8,"featured_media":0,"comment_status":"closed","ping_status":"closed","sticky":false,"template":"","format":"standard","meta":{"footnotes":""},"categories":[1],"tags":[],"country":[],"class_list":["post-40697","post","type-post","status-publish","format-standard","hentry","category-article","entry"],"_links":{"self":[{"href":"https:\/\/castegnaro.preprod.web-sites.lu\/fr\/wp-json\/wp\/v2\/posts\/40697","targetHints":{"allow":["GET"]}}],"collection":[{"href":"https:\/\/castegnaro.preprod.web-sites.lu\/fr\/wp-json\/wp\/v2\/posts"}],"about":[{"href":"https:\/\/castegnaro.preprod.web-sites.lu\/fr\/wp-json\/wp\/v2\/types\/post"}],"author":[{"embeddable":true,"href":"https:\/\/castegnaro.preprod.web-sites.lu\/fr\/wp-json\/wp\/v2\/users\/8"}],"replies":[{"embeddable":true,"href":"https:\/\/castegnaro.preprod.web-sites.lu\/fr\/wp-json\/wp\/v2\/comments?post=40697"}],"version-history":[{"count":4,"href":"https:\/\/castegnaro.preprod.web-sites.lu\/fr\/wp-json\/wp\/v2\/posts\/40697\/revisions"}],"predecessor-version":[{"id":40701,"href":"https:\/\/castegnaro.preprod.web-sites.lu\/fr\/wp-json\/wp\/v2\/posts\/40697\/revisions\/40701"}],"wp:attachment":[{"href":"https:\/\/castegnaro.preprod.web-sites.lu\/fr\/wp-json\/wp\/v2\/media?parent=40697"}],"wp:term":[{"taxonomy":"category","embeddable":true,"href":"https:\/\/castegnaro.preprod.web-sites.lu\/fr\/wp-json\/wp\/v2\/categories?post=40697"},{"taxonomy":"post_tag","embeddable":true,"href":"https:\/\/castegnaro.preprod.web-sites.lu\/fr\/wp-json\/wp\/v2\/tags?post=40697"},{"taxonomy":"country","embeddable":true,"href":"https:\/\/castegnaro.preprod.web-sites.lu\/fr\/wp-json\/wp\/v2\/country?post=40697"}],"curies":[{"name":"wp","href":"https:\/\/api.w.org\/{rel}","templated":true}]}}