
{"id":40745,"date":"2021-04-20T14:08:50","date_gmt":"2021-04-20T12:08:50","guid":{"rendered":"http:\/\/castegnaro.preprod.web-sites.lu\/?p=40745"},"modified":"2022-09-13T12:01:22","modified_gmt":"2022-09-13T10:01:22","slug":"coronavirus-prolongation-du-conge-pour-soutien-familial-formation-des-salaries-en-chomage-partiel-et-accessibilite-des-offres-demploi","status":"publish","type":"post","link":"https:\/\/castegnaro.preprod.web-sites.lu\/fr\/coronavirus-prolongation-du-conge-pour-soutien-familial-formation-des-salaries-en-chomage-partiel-et-accessibilite-des-offres-demploi\/","title":{"rendered":"Coronavirus : prolongation du cong\u00e9 pour soutien familial, formation des salari\u00e9s en ch\u00f4mage partiel et accessibilit\u00e9 des offres d\u2019emploi"},"content":{"rendered":"<div name=\"module-insight-bloc-paragraph\" class=\"container-px-25 mt-30 paragraph-body-small lg:mt-20 lg:text-20\">\n    \n    <ul>\n<li><strong>Prolongation du cong\u00e9 pour soutien familial<\/strong><\/li>\n<\/ul>\n<p>Le\u00a0<a href=\"https:\/\/www.chd.lu\/wps\/portal\/public\/Accueil\/TravailALaChambre\/Recherche\/RoleDesAffaires?action=doDocpaDetails&amp;id=7803\">Projet de loi n\u00b0 7803<\/a>\u00a0a \u00e9t\u00e9 d\u00e9pos\u00e9 \u00e0 la Chambre de d\u00e9put\u00e9s le 20 avril 2021.<\/p>\n<p>Le Projet de loi pr\u00e9voit une nouvelle prolongation du cong\u00e9 pour soutien familial (cf. notamment notre\u00a0<a href=\"https:\/\/www.castegnaro.lu\/fr\/news-events\/m\/a\/coronavirus-nouvelles-dispositions-concernant-le-conge-pour-soutien-familial\/\">Newsflash du 26 juin 2020<\/a>) jusqu\u2019au\u00a0<strong>25 novembre 2021<\/strong>.<\/p>\n<ul>\n<li><strong>Formation des salari\u00e9s en ch\u00f4mage partiel<\/strong><\/li>\n<\/ul>\n<p>La\u00a0<a href=\"http:\/\/legilux.public.lu\/eli\/etat\/leg\/loi\/2021\/04\/16\/a307\/jo\">Loi du 16 avril 2021<\/a>\u00a0portant modification de l\u2019article L. 631-2 du Code du travail a \u00e9t\u00e9 publi\u00e9e au M\u00e9morial A n\u00b0 307 du 19 avril 2021 et entrera en vigueur le 23 avril 2021.<\/p>\n<p>La Loi pr\u00e9voit que les programmes de formation visant \u00e0 d\u00e9velopper les comp\u00e9tences de \u00a0salari\u00e9s occup\u00e9s dans une entreprise b\u00e9n\u00e9ficiant du ch\u00f4mage partiel peuvent \u00eatre\u00a0<strong>financ\u00e9s par le Fonds pour l\u2019emploi.<\/strong><\/p>\n<p>Par ailleurs, afin de soutenir l\u2019employabilit\u00e9 des salari\u00e9s en ch\u00f4mage partiel, le Ministre du travail, de l\u2019emploi et de l\u2019Economie sociale et solidaire a annonc\u00e9, dans un\u00a0<a href=\"https:\/\/gouvernement.lu\/fr\/actualites\/toutes_actualites\/communiques\/2021\/04-avril\/19-employabilite-salaries-chomage-partiel.html\">communiqu\u00e9<\/a>\u00a0du 19 avril 2021, que toutes les personnes qui \u00e9taient au<strong>\u00a0ch\u00f4mage partiel entre le 1<sup>er<\/sup>\u00a0janvier 2021 et le 31 mars 2021\u00a0<\/strong>pourront b\u00e9n\u00e9ficier de\u00a0<strong>formations continues dans le domaine digital.<\/strong><\/p>\n<ul>\n<li><strong>Offres d\u2019emploi d\u00e9clar\u00e9es \u00e0 l\u2019ADEM accessibles aux personnes non-inscrites<\/strong><\/li>\n<\/ul>\n<p>Afin de multiplier les possibilit\u00e9s de contact entre employeurs et demandeurs d&#8217;emploi, l\u2019Agence pour le d\u00e9veloppement de l\u2019emploi (ADEM) a publi\u00e9 un\u00a0<a href=\"https:\/\/gouvernement.lu\/fr\/actualites\/toutes_actualites\/communiques\/2021\/04-avril\/19-jobboard-adem.html\">communiqu\u00e9<\/a>\u00a0en date du 19 avril 2021 pr\u00e9voyant les mesures suivantes, applicables\u00a0<strong>\u00e0 partir du 28 avril 2021<\/strong>\u00a0:<\/p>\n<ul>\n<li>le JobBoard de l&rsquo;ADEM, jusqu\u2019alors r\u00e9serv\u00e9 aux demandeurs d\u2019emploi inscrits \u00e0 l\u2019ADEM, sera ouvert \u00e0 toute personne \u00e0 la recherche d&rsquo;un emploi sans aucune formalit\u00e9 pr\u00e9alable\u00a0;<\/li>\n<li>les entreprises effectuant une\u00a0<strong>d\u00e9claration de poste \u00e0 l\u2019ADEM<\/strong>\u00a0auront le choix entre une diffusion restreinte (i.e. r\u00e9serv\u00e9e aux demandeurs d&#8217;emploi inscrits \u00e0 l&rsquo;ADEM et avec une pr\u00e9s\u00e9lection effectu\u00e9e par un conseiller) ou une\u00a0<strong>diffusion publique<\/strong>, \u00e9galement visible par les demandeurs d\u2019emploi non-inscrits \u00e0 l\u2019ADEM.<\/li>\n<\/ul>\n   \n<\/div>","protected":false},"excerpt":{"rendered":"","protected":false},"author":8,"featured_media":0,"comment_status":"closed","ping_status":"closed","sticky":false,"template":"","format":"standard","meta":{"footnotes":""},"categories":[1],"tags":[],"country":[],"class_list":["post-40745","post","type-post","status-publish","format-standard","hentry","category-article","entry"],"_links":{"self":[{"href":"https:\/\/castegnaro.preprod.web-sites.lu\/fr\/wp-json\/wp\/v2\/posts\/40745","targetHints":{"allow":["GET"]}}],"collection":[{"href":"https:\/\/castegnaro.preprod.web-sites.lu\/fr\/wp-json\/wp\/v2\/posts"}],"about":[{"href":"https:\/\/castegnaro.preprod.web-sites.lu\/fr\/wp-json\/wp\/v2\/types\/post"}],"author":[{"embeddable":true,"href":"https:\/\/castegnaro.preprod.web-sites.lu\/fr\/wp-json\/wp\/v2\/users\/8"}],"replies":[{"embeddable":true,"href":"https:\/\/castegnaro.preprod.web-sites.lu\/fr\/wp-json\/wp\/v2\/comments?post=40745"}],"version-history":[{"count":3,"href":"https:\/\/castegnaro.preprod.web-sites.lu\/fr\/wp-json\/wp\/v2\/posts\/40745\/revisions"}],"predecessor-version":[{"id":40748,"href":"https:\/\/castegnaro.preprod.web-sites.lu\/fr\/wp-json\/wp\/v2\/posts\/40745\/revisions\/40748"}],"wp:attachment":[{"href":"https:\/\/castegnaro.preprod.web-sites.lu\/fr\/wp-json\/wp\/v2\/media?parent=40745"}],"wp:term":[{"taxonomy":"category","embeddable":true,"href":"https:\/\/castegnaro.preprod.web-sites.lu\/fr\/wp-json\/wp\/v2\/categories?post=40745"},{"taxonomy":"post_tag","embeddable":true,"href":"https:\/\/castegnaro.preprod.web-sites.lu\/fr\/wp-json\/wp\/v2\/tags?post=40745"},{"taxonomy":"country","embeddable":true,"href":"https:\/\/castegnaro.preprod.web-sites.lu\/fr\/wp-json\/wp\/v2\/country?post=40745"}],"curies":[{"name":"wp","href":"https:\/\/api.w.org\/{rel}","templated":true}]}}