
{"id":41140,"date":"2022-10-12T15:43:52","date_gmt":"2022-10-12T13:43:52","guid":{"rendered":"https:\/\/castegnaro.lu\/?p=41140"},"modified":"2022-12-06T16:40:14","modified_gmt":"2022-12-06T15:40:14","slug":"seuil-de-tolerance-en-matiere-fiscale-pour-les-frontaliers-francais","status":"publish","type":"post","link":"https:\/\/castegnaro.preprod.web-sites.lu\/fr\/seuil-de-tolerance-en-matiere-fiscale-pour-les-frontaliers-francais\/","title":{"rendered":"Seuil de tol\u00e9rance en mati\u00e8re fiscale pour les frontaliers fran\u00e7ais"},"content":{"rendered":"<div name=\"module-insight-bloc-paragraph\" class=\"container-px-25 mt-30 paragraph-body-small lg:mt-20 lg:text-20\">\n    \n    <p>Dans <a href=\"https:\/\/mfin.gouvernement.lu\/fr\/actualites.gouvernement%2Bfr%2Bactualites%2Btoutes_actualites%2Bcommuniques%2B2022%2B09-septembre%2B30-teletravail-frontaliers-francais.html\">un communiqu\u00e9 en date du 1<sup>er<\/sup> octobre 2022<\/a>, le Minist\u00e8re des Finances a pr\u00e9cis\u00e9 que la ministre des finances luxembourgeoise et le ministre de l\u2019\u00c9conomie, des Finances et de la Souverainet\u00e9 industrielle et num\u00e9rique fran\u00e7ais \u00ab\u00a0<em>se sont mis d&rsquo;accord sur les modalit\u00e9s pour augmenter le seuil de tol\u00e9rance en mati\u00e8re fiscale de 29 \u00e0 34 jours en vue d&rsquo;une signature prochaine d&rsquo;un avenant \u00e0 la Convention fiscale<\/em>\u00a0\u00bb.<\/p>\n<p>Les travailleurs frontaliers r\u00e9sidant en France et travaillant au Luxembourg pourront ainsi travailler 34 jours en dehors du Luxembourg sans \u00eatre imposables en France.<\/p>\n<p><strong><u>Ce nouveau seuil sera d\u2019application \u00e0 partir du 1<sup>er<\/sup> janvier 2023<\/u><\/strong>.<\/p>\n   \n<\/div>","protected":false},"excerpt":{"rendered":"","protected":false},"author":8,"featured_media":0,"comment_status":"closed","ping_status":"closed","sticky":false,"template":"","format":"standard","meta":{"footnotes":""},"categories":[1],"tags":[],"country":[],"class_list":["post-41140","post","type-post","status-publish","format-standard","hentry","category-article","entry"],"_links":{"self":[{"href":"https:\/\/castegnaro.preprod.web-sites.lu\/fr\/wp-json\/wp\/v2\/posts\/41140","targetHints":{"allow":["GET"]}}],"collection":[{"href":"https:\/\/castegnaro.preprod.web-sites.lu\/fr\/wp-json\/wp\/v2\/posts"}],"about":[{"href":"https:\/\/castegnaro.preprod.web-sites.lu\/fr\/wp-json\/wp\/v2\/types\/post"}],"author":[{"embeddable":true,"href":"https:\/\/castegnaro.preprod.web-sites.lu\/fr\/wp-json\/wp\/v2\/users\/8"}],"replies":[{"embeddable":true,"href":"https:\/\/castegnaro.preprod.web-sites.lu\/fr\/wp-json\/wp\/v2\/comments?post=41140"}],"version-history":[{"count":8,"href":"https:\/\/castegnaro.preprod.web-sites.lu\/fr\/wp-json\/wp\/v2\/posts\/41140\/revisions"}],"predecessor-version":[{"id":41269,"href":"https:\/\/castegnaro.preprod.web-sites.lu\/fr\/wp-json\/wp\/v2\/posts\/41140\/revisions\/41269"}],"wp:attachment":[{"href":"https:\/\/castegnaro.preprod.web-sites.lu\/fr\/wp-json\/wp\/v2\/media?parent=41140"}],"wp:term":[{"taxonomy":"category","embeddable":true,"href":"https:\/\/castegnaro.preprod.web-sites.lu\/fr\/wp-json\/wp\/v2\/categories?post=41140"},{"taxonomy":"post_tag","embeddable":true,"href":"https:\/\/castegnaro.preprod.web-sites.lu\/fr\/wp-json\/wp\/v2\/tags?post=41140"},{"taxonomy":"country","embeddable":true,"href":"https:\/\/castegnaro.preprod.web-sites.lu\/fr\/wp-json\/wp\/v2\/country?post=41140"}],"curies":[{"name":"wp","href":"https:\/\/api.w.org\/{rel}","templated":true}]}}