
{"id":41184,"date":"2022-10-17T16:14:44","date_gmt":"2022-10-17T14:14:44","guid":{"rendered":"https:\/\/castegnaro.lu\/?p=41184"},"modified":"2022-12-06T16:38:54","modified_gmt":"2022-12-06T15:38:54","slug":"accord-entre-le-gouvernement-et-lunion-des-entreprises-luxembourgeoises-uel-et-les-organisations-syndicales-lcgb-cgfp-et-ogbl","status":"publish","type":"post","link":"https:\/\/castegnaro.preprod.web-sites.lu\/fr\/accord-entre-le-gouvernement-et-lunion-des-entreprises-luxembourgeoises-uel-et-les-organisations-syndicales-lcgb-cgfp-et-ogbl\/","title":{"rendered":"Accord entre le gouvernement et l\u2019Union des Entreprises luxembourgeoises (UEL) et les organisations syndicales LCGB, CGFP et OGBL"},"content":{"rendered":"<div name=\"module-insight-bloc-paragraph\" class=\"container-px-25 mt-30 paragraph-body-small lg:mt-20 lg:text-20\">\n    \n    <p>Dans <a href=\"https:\/\/gouvernement.lu\/fr\/actualites\/toutes_actualites\/communiques\/2022\/09-septembre\/28-tripartite-signature.html\">un communiqu\u00e9 en date du 28 septembre 2022<\/a>, le gouvernement a annonc\u00e9 la signature d\u2019un accord avec l\u2019Union des Entreprises luxembourgeoises et les syndicats LCGB, CGFP et OGBL le 28 septembre 2022 afin d\u2019aider les m\u00e9nages et les entreprises en r\u00e9ponse \u00e0 la forte inflation et \u00e0 la hausse des co\u00fbts \u00e9nerg\u00e9tiques.<\/p>\n<p>Le gouvernement et les partenaires sociaux se sont accord\u00e9s sur les mesures suivantes\u00a0:<\/p>\n<ul>\n<li>Une adaptation du salaire social minimum \u00e0 l\u2019\u00e9volution du salaire moyen. Le gouvernement entend d\u00e9poser un projet de loi en ce sens. Il est rappel\u00e9 que \u00ab\u00a0<em>le rel\u00e8vement du salaire social minimum ne comporte pas l\u2019obligation juridique de relever l\u2019ensemble de la grille des salaires dans les entreprises<\/em>\u00bb\u00a0;<\/li>\n<\/ul>\n<p>&nbsp;<\/p>\n<ul>\n<li>Le r\u00e9tablissement du fonctionnement automatique de l\u2019indexation des salaires. La tranche indiciaire d\u00e9clench\u00e9e en juillet 2022 sera appliqu\u00e9e au 1<sup>er<\/sup> avril 2023, comme pr\u00e9vu par la loi du 29 juin 2022\u00a0portant transposition de certaines mesures pr\u00e9vues par l\u2019accord tripartite du 31 mars 2022 ;<\/li>\n<\/ul>\n<p>&nbsp;<\/p>\n<ul>\n<li>Une baisse temporaire des taux sur la valeur ajout\u00e9e de 1% du 1<sup>er<\/sup> janvier 2023 au 31 d\u00e9cembre 2023\u00a0;<\/li>\n<\/ul>\n<p>&nbsp;<\/p>\n<ul>\n<li>Une extension et une modification des aides aux entreprises particuli\u00e8rement touch\u00e9es par la hausse des prix de l\u2019\u00e9nergie, ainsi que l\u2019introduction d\u2019une nouvelle aide en mati\u00e8re \u00e9nerg\u00e9tique qui vise \u00ab\u00a0<em>\u00e0\u00a0soutenir les entreprises, dont les co\u00fbts \u00e9nerg\u00e9tiques repr\u00e9sentent au moins 2% de leur chiffre d\u2019affaires pour le mois pour lequel une demande a \u00e9t\u00e9 effectu\u00e9e\u00a0<\/em>\u00bb\u00a0;<\/li>\n<\/ul>\n<p>&nbsp;<\/p>\n<ul>\n<li>L\u2019abolition de l\u2019acompte sur cotisations de s\u00e9curit\u00e9 sociale au 1<sup>er<\/sup> janvier 2023 pour les employeurs, les exploitants agricoles et les personnes exer\u00e7ant une activit\u00e9 professionnelle pour leur propre compte.<\/li>\n<\/ul>\n<p>Il est pr\u00e9cis\u00e9 que cet accord cesse ses effets au 31 d\u00e9cembre 2023.<\/p>\n   \n<\/div>","protected":false},"excerpt":{"rendered":"","protected":false},"author":10,"featured_media":41187,"comment_status":"closed","ping_status":"closed","sticky":false,"template":"","format":"standard","meta":{"footnotes":""},"categories":[1],"tags":[],"country":[],"class_list":["post-41184","post","type-post","status-publish","format-standard","has-post-thumbnail","hentry","category-article","entry"],"_links":{"self":[{"href":"https:\/\/castegnaro.preprod.web-sites.lu\/fr\/wp-json\/wp\/v2\/posts\/41184","targetHints":{"allow":["GET"]}}],"collection":[{"href":"https:\/\/castegnaro.preprod.web-sites.lu\/fr\/wp-json\/wp\/v2\/posts"}],"about":[{"href":"https:\/\/castegnaro.preprod.web-sites.lu\/fr\/wp-json\/wp\/v2\/types\/post"}],"author":[{"embeddable":true,"href":"https:\/\/castegnaro.preprod.web-sites.lu\/fr\/wp-json\/wp\/v2\/users\/10"}],"replies":[{"embeddable":true,"href":"https:\/\/castegnaro.preprod.web-sites.lu\/fr\/wp-json\/wp\/v2\/comments?post=41184"}],"version-history":[{"count":8,"href":"https:\/\/castegnaro.preprod.web-sites.lu\/fr\/wp-json\/wp\/v2\/posts\/41184\/revisions"}],"predecessor-version":[{"id":41266,"href":"https:\/\/castegnaro.preprod.web-sites.lu\/fr\/wp-json\/wp\/v2\/posts\/41184\/revisions\/41266"}],"wp:featuredmedia":[{"embeddable":true,"href":"https:\/\/castegnaro.preprod.web-sites.lu\/fr\/wp-json\/wp\/v2\/media\/41187"}],"wp:attachment":[{"href":"https:\/\/castegnaro.preprod.web-sites.lu\/fr\/wp-json\/wp\/v2\/media?parent=41184"}],"wp:term":[{"taxonomy":"category","embeddable":true,"href":"https:\/\/castegnaro.preprod.web-sites.lu\/fr\/wp-json\/wp\/v2\/categories?post=41184"},{"taxonomy":"post_tag","embeddable":true,"href":"https:\/\/castegnaro.preprod.web-sites.lu\/fr\/wp-json\/wp\/v2\/tags?post=41184"},{"taxonomy":"country","embeddable":true,"href":"https:\/\/castegnaro.preprod.web-sites.lu\/fr\/wp-json\/wp\/v2\/country?post=41184"}],"curies":[{"name":"wp","href":"https:\/\/api.w.org\/{rel}","templated":true}]}}