
{"id":41355,"date":"2023-01-31T15:50:16","date_gmt":"2023-01-31T14:50:16","guid":{"rendered":"https:\/\/castegnaro.lu\/?p=41355"},"modified":"2023-01-31T20:44:56","modified_gmt":"2023-01-31T19:44:56","slug":"indexation-des-salaires-au-1er-fevrier-2023","status":"publish","type":"post","link":"https:\/\/castegnaro.preprod.web-sites.lu\/fr\/indexation-des-salaires-au-1er-fevrier-2023\/","title":{"rendered":"Indexation des salaires au 1er f\u00e9vrier 2023"},"content":{"rendered":"<div name=\"module-insight-bloc-paragraph\" class=\"container-px-25 mt-30 paragraph-body-small lg:mt-20 lg:text-20\">\n    \n    <p>Dans un <a href=\"https:\/\/statistiques.public.lu\/dam-assets\/actualite\/2023\/stn08\/stn-08.pdf\">communiqu\u00e9 de presse<\/a> en date du 31 janvier 2023, l\u2019Institut national de la statistique et des \u00e9tudes \u00e9conomiques (STATEC) a annonc\u00e9 <strong>que l\u2019indexation des salaires aura lieu le mercredi 1<sup>er<\/sup> f\u00e9vrier 2023<\/strong>.<\/p>\n<p>Selon les r\u00e9sultats provisoires publi\u00e9s par le STATEC, le taux d\u2019inflation annuel de l\u2019indice des prix \u00e0 la consommation national (IPCN) s\u2019\u00e9l\u00e8ve \u00e0 4.8% pour le mois de janvier. La nouvelle cote d\u2019application de l\u2019\u00e9chelle mobile des salaires passe \u00e0 898.93 points et entre en vigueur le 1<sup>er<\/sup> f\u00e9vrier 2023 entra\u00eenant, \u00e0 cette date, <strong>une majoration de 2.5% des salaires, traitements et pensions<\/strong>.<\/p>\n<p>Les r\u00e9sultats d\u00e9finitifs concernant l\u2019indice des prix \u00e0 la consommation national du mois de janvier seront publi\u00e9s le 10 f\u00e9vrier 2023.<\/p>\n<p>En outre, l\u2019indexation des salaires au 1<sup>er<\/sup> f\u00e9vrier 2023 entra\u00eene l\u2019adaptation de diff\u00e9rents seuils et plafonds pr\u00e9vus par la loi, r\u00e9capitul\u00e9s dans le tableau ci-dessous<a href=\"#_ftn1\" name=\"_ftnref1\"><sup>[1]<\/sup><\/a> :<\/p>\n<p>&nbsp;<\/p>\n<table width=\"0\">\n<tbody>\n<tr>\n<td colspan=\"2\" width=\"586\">A partir du 1<sup>er<\/sup> f\u00e9vrier 2023 (montants\u00a0<strong>bruts<\/strong>, indice 898.93)\u00a0:<\/td>\n<\/tr>\n<tr>\n<td width=\"295\">&nbsp;<\/p>\n<p><strong>Salaire social minimum (SSM) mensuel<\/strong><\/p>\n<p><em>(art. L. 222-9 et L. 223-1 du Code du travail)<\/em><\/p>\n<p>&nbsp;<\/td>\n<td width=\"291\"><strong>\u00a0<\/strong><\/p>\n<p><strong>2.447,07<\/strong>.- EUR (salari\u00e9 non qualifi\u00e9)<\/p>\n<p><strong>2.936,48<\/strong>.- EUR (salari\u00e9 qualifi\u00e9)<\/td>\n<\/tr>\n<tr>\n<td width=\"295\">&nbsp;<\/p>\n<ul>\n<li><strong>Indemnit\u00e9 transactionnelle<\/strong><\/li>\n<li><strong>Dommages et int\u00e9r\u00eats<\/strong>\u00a0pour licenciement abusif fix\u00e9s par la juridiction du travail,<\/li>\n<li><strong>Indemnit\u00e9 b\u00e9n\u00e9vole<\/strong>\u00a0en cas de d\u00e9mission ou r\u00e9siliation d\u2019un commun accord<\/li>\n<\/ul>\n<p><em>(art. 115 al. 1 point 9 de la L.I.R.)<\/em><\/p>\n<p>&nbsp;<\/td>\n<td width=\"291\">&nbsp;<\/p>\n<p>D\u2019office exon\u00e9r\u00e9s d\u2019imp\u00f4ts jusqu\u2019\u00e0\u00a0:<\/p>\n<p>&nbsp;<\/p>\n<p><strong>28.648,80<\/strong>.- EUR\u00a0(inchang\u00e9)<\/p>\n<p>&nbsp;<\/p>\n<p>(12 x le SSM pour travailleurs non qualifi\u00e9s applicable au 1<sup>er<\/sup>\u00a0janvier de l\u2019ann\u00e9e d\u2019imposition)<\/p>\n<p>&nbsp;<\/td>\n<\/tr>\n<tr>\n<td width=\"295\">&nbsp;<\/p>\n<p>Salaire mensuel minimum de d\u00e9but requis pour appliquer une\u00a0<strong>p\u00e9riode d\u2019essai de 7 \u00e0 12 mois<\/strong><\/p>\n<p><em>(art. L.121-5 (2) du Code du Travail)<\/em><\/p>\n<p>&nbsp;<\/td>\n<td width=\"291\"><strong>4.818,26<\/strong>.- EUR<\/td>\n<\/tr>\n<tr>\n<td width=\"295\">&nbsp;<\/p>\n<p>Salaire annuel minimum brut requis en fin de contrat pour appliquer une\u00a0<strong>clause de non concurrence<\/strong>\u00a0apr\u00e8s la fin du contrat de travail<\/p>\n<p><em>(art. L. 125-8 (3) du Code du travail)<\/em><\/p>\n<p>&nbsp;<\/td>\n<td width=\"291\"><strong>+ de 61.280,69<\/strong>.- EUR<\/td>\n<\/tr>\n<\/tbody>\n<\/table>\n<p>&nbsp;<\/p>\n<p><a href=\"#_ftnref1\" name=\"_ftn1\">[1]<\/a> Les montants ci-dessus sont communiqu\u00e9s \u00e0 titre indicatif sous r\u00e9serve de confirmation officielle.<\/p>\n   \n<\/div>","protected":false},"excerpt":{"rendered":"","protected":false},"author":9,"featured_media":0,"comment_status":"closed","ping_status":"closed","sticky":false,"template":"","format":"standard","meta":{"footnotes":""},"categories":[1],"tags":[],"country":[],"class_list":["post-41355","post","type-post","status-publish","format-standard","hentry","category-article","entry"],"_links":{"self":[{"href":"https:\/\/castegnaro.preprod.web-sites.lu\/fr\/wp-json\/wp\/v2\/posts\/41355","targetHints":{"allow":["GET"]}}],"collection":[{"href":"https:\/\/castegnaro.preprod.web-sites.lu\/fr\/wp-json\/wp\/v2\/posts"}],"about":[{"href":"https:\/\/castegnaro.preprod.web-sites.lu\/fr\/wp-json\/wp\/v2\/types\/post"}],"author":[{"embeddable":true,"href":"https:\/\/castegnaro.preprod.web-sites.lu\/fr\/wp-json\/wp\/v2\/users\/9"}],"replies":[{"embeddable":true,"href":"https:\/\/castegnaro.preprod.web-sites.lu\/fr\/wp-json\/wp\/v2\/comments?post=41355"}],"version-history":[{"count":10,"href":"https:\/\/castegnaro.preprod.web-sites.lu\/fr\/wp-json\/wp\/v2\/posts\/41355\/revisions"}],"predecessor-version":[{"id":41365,"href":"https:\/\/castegnaro.preprod.web-sites.lu\/fr\/wp-json\/wp\/v2\/posts\/41355\/revisions\/41365"}],"wp:attachment":[{"href":"https:\/\/castegnaro.preprod.web-sites.lu\/fr\/wp-json\/wp\/v2\/media?parent=41355"}],"wp:term":[{"taxonomy":"category","embeddable":true,"href":"https:\/\/castegnaro.preprod.web-sites.lu\/fr\/wp-json\/wp\/v2\/categories?post=41355"},{"taxonomy":"post_tag","embeddable":true,"href":"https:\/\/castegnaro.preprod.web-sites.lu\/fr\/wp-json\/wp\/v2\/tags?post=41355"},{"taxonomy":"country","embeddable":true,"href":"https:\/\/castegnaro.preprod.web-sites.lu\/fr\/wp-json\/wp\/v2\/country?post=41355"}],"curies":[{"name":"wp","href":"https:\/\/api.w.org\/{rel}","templated":true}]}}