
{"id":41779,"date":"2024-01-02T10:44:02","date_gmt":"2024-01-02T09:44:02","guid":{"rendered":"https:\/\/castegnaro.lu\/?p=41779"},"modified":"2024-01-02T10:44:02","modified_gmt":"2024-01-02T09:44:02","slug":"nouveautes-en-matiere-de-droit-du-travail-au-1er-janvier-2024","status":"publish","type":"post","link":"https:\/\/castegnaro.preprod.web-sites.lu\/fr\/nouveautes-en-matiere-de-droit-du-travail-au-1er-janvier-2024\/","title":{"rendered":"Nouveaut\u00e9s en mati\u00e8re de droit du travail au 1er janvier 2024"},"content":{"rendered":"<div name=\"module-insight-bloc-paragraph\" class=\"container-px-25 mt-30 paragraph-body-small lg:mt-20 lg:text-20\">\n    \n    <p>Au 1<sup>er<\/sup> janvier 2024, plusieurs dispositions relatives au droit du travail sont entr\u00e9es en vigueur\u00a0:<\/p>\n<ul>\n<li><strong>Indemnit\u00e9s forfaitaires pour les frais de s\u00e9jour au 1<sup>er<\/sup> janvier 2024<\/strong><\/li>\n<\/ul>\n<p>Un <a href=\"https:\/\/legilux.public.lu\/eli\/etat\/leg\/rgc\/2023\/12\/18\/a806\/jo\">r\u00e8glement du Gouvernement en Conseil<\/a> (ci-apr\u00e8s, <em>\u00ab\u00a0le R\u00e8glement\u00a0\u00bb<\/em>) sign\u00e9 le 18 d\u00e9cembre 2023 et publi\u00e9 le 19 d\u00e9cembre 2023 fixe les indemnit\u00e9s forfaitaires pr\u00e9vues pour les frais de s\u00e9jour des fonctionnaires et employ\u00e9s de l\u2019\u00c9tat. En pratique, ces r\u00e8gles peuvent \u00e9galement \u00eatre appliqu\u00e9es, si les employeurs le souhaitent, pour les salari\u00e9s du secteur priv\u00e9.<\/p>\n<p>L\u2019indemnit\u00e9 de jour ainsi que l\u2019indemnit\u00e9 de nuit pour des voyages \u00e0 l\u2019int\u00e9rieur du pays sont adapt\u00e9es pour le 1<sup>er<\/sup> janvier de chaque ann\u00e9e par r\u00e8glement du Gouvernement en Conseil. Le R\u00e8glement fixe ainsi l\u2019indemnit\u00e9 de jour \u00e0 14 euros et l\u2019indemnit\u00e9 de nuit \u00e0 56 euros.<\/p>\n<p>L\u2019indemnit\u00e9 de jour ainsi que l\u2019indemnit\u00e9 de nuit pour des voyages \u00e0 l\u2019\u00e9tranger sont eux aussi adapt\u00e9s pour le 1<sup>er<\/sup> janvier de chaque ann\u00e9e et varient en fonction du pays.<\/p>\n<ul>\n<li><strong>T\u00e9l\u00e9travail pour les frontaliers allemands<\/strong><\/li>\n<\/ul>\n<p>Le 14 d\u00e9cembre 2023, les D\u00e9put\u00e9s luxembourgeois ont vot\u00e9 <a href=\"https:\/\/www.chd.lu\/fr\/dossier\/8311\">l\u2019augmentation du seuil de tol\u00e9rance en mati\u00e8re fiscale pour les frontaliers r\u00e9sidant en Allemagne et travaillant au Luxembourg<\/a>.<\/p>\n<p>Cette augmentation r\u00e9sulte d\u2019un avenant sign\u00e9 le 6 juillet 2023 \u00e0 Berlin qui vient modifier, entres autres, le seuil de tol\u00e9rance pr\u00e9vu en mati\u00e8re fiscale permettant ainsi aux travailleurs qui r\u00e9sident en Allemagne et travaillent au Luxembourg d\u2019exercer leur activit\u00e9 salari\u00e9e pendant 34 jours par an en dehors du territoire luxembourgeois (\u00c9tat de r\u00e9sidence ou tout autre \u00c9tat tiers) tout en restant soumis \u00e0 l\u2019imp\u00f4t au Luxembourg. Ce seuil de tol\u00e9rance a \u00e9t\u00e9 \u00e9tendu aux \u00ab\u00a0<em>r\u00e9mun\u00e9rations tombant dans le champ d\u2019application de la fonction publique<\/em>\u00a0\u00bb. De son c\u00f4t\u00e9, l\u2019Allemagne a \u00e9galement ratifi\u00e9 cet avenant.<\/p>\n<p>Ce nouveau r\u00e9gime s&rsquo;applique \u00e0 partir du 1<sup>er<\/sup> janvier 2024.<\/p>\n<ul>\n<li><strong>\u00c9largissement des b\u00e9n\u00e9ficiaires du cong\u00e9 sportif<\/strong><\/li>\n<\/ul>\n<p>La <a href=\"https:\/\/legilux.public.lu\/eli\/etat\/leg\/loi\/2023\/07\/21\/a467\/jo\">loi du 21 juillet 2023 relatif au cong\u00e9 sportif<\/a> est entr\u00e9e en vigueur le 1<sup>er<\/sup> janvier 2024 (\u00e0 l\u2019exception de certaines dispositions sp\u00e9cifiques qui sont entr\u00e9es en vigueur le 4 ao\u00fbt 2023).<\/p>\n<p>Cette loi \u00e9largit le cercle des b\u00e9n\u00e9ficiaires potentiels du cong\u00e9 sportif aux sportifs licenci\u00e9s aupr\u00e8s d\u2019un club affili\u00e9 \u00e0 une f\u00e9d\u00e9ration sportive agr\u00e9\u00e9e en vue de pr\u00e9parer et participer \u00e0 des comp\u00e9titions internationales, les juges et arbitres licenci\u00e9s et s\u00e9lectionn\u00e9s par la f\u00e9d\u00e9ration sportive internationale pour participer \u00e0 des comp\u00e9titions internationales ou pour prendre part \u00e0 des formations internationales d\u00fbment autoris\u00e9es par les f\u00e9d\u00e9rations ainsi qu\u2019aux cadres administratifs et techniques pour s\u2019occuper de la gestion courante de l\u2019organisme et pour accompagner les sportifs aux comp\u00e9titions internationales officielles et \u00e0 des stages de pr\u00e9paration.<\/p>\n<ul>\n<li><strong>Nouveau r\u00e9gime des ch\u00e8ques-repas<\/strong><\/li>\n<\/ul>\n<p>Deux nouveaux r\u00e8glements grand-ducaux concernant les ch\u00e8ques repas ont \u00e9t\u00e9 publi\u00e9s le 27 septembre 2023 (<a href=\"https:\/\/legilux.public.lu\/eli\/etat\/leg\/rgd\/2023\/09\/25\/a621\/jo\">M\u00e9morial A621<\/a> et <a href=\"https:\/\/legilux.public.lu\/eli\/etat\/leg\/rgd\/2023\/09\/25\/a622\/jo\">M\u00e9morial A622<\/a> du Journal Officiel) et sont entr\u00e9s en vigueur le 1<sup>er<\/sup> janvier 2024.<\/p>\n<p>Les principales nouveaut\u00e9s sont les suivantes\u00a0:<\/p>\n<ul>\n<li>La <strong>digitalisation des ch\u00e8que repas, <\/strong>tout en pr\u00e9cisant que \u00ab\u00a0<em>l\u2019octroi de ch\u00e8ques de repas sous format papier par l\u2019employeur ainsi que l\u2019\u00e9mission de tels ch\u00e8ques de repas par les \u00e9metteurs restent autoris\u00e9s jusqu\u2019au 31 d\u00e9cembre 2024.<\/em>\u00bb\u00a0;<\/li>\n<\/ul>\n<p>&nbsp;<\/p>\n<ul>\n<li>L\u2019actualisation des crit\u00e8res d\u2019utilisation des ch\u00e8que repas notamment l\u2019\u00e9largissement \u00e0 l\u2019achat de denr\u00e9es alimentaires et le plafonnement \u00e0 l\u2019utilisation de 5 ch\u00e8ques repas par jour\u00a0;<\/li>\n<\/ul>\n<p>&nbsp;<\/p>\n<ul>\n<li><strong>La valeur d\u2019un ch\u00e8que repas s\u2019\u00e9l\u00e8vera \u00e0 15 euros<\/strong> \u00e0 partir de l\u2019ann\u00e9e d\u2019imposition 2024. La valeur maximale d\u2019exemption augmentera \u00e0 12,20 euros avec une contribution du salari\u00e9 de 2,80 euros qui restera inchang\u00e9e. La contribution du salari\u00e9 restant inchang\u00e9e, l\u2019employeur pourrait mais n\u2019aurait pas d\u2019obligation d\u2019augmenter sa contribution au ch\u00e8que-repas jusqu\u2019\u00e0 atteindre la valeur faciale de 15 euros.<\/li>\n<\/ul>\n   \n<\/div>","protected":false},"excerpt":{"rendered":"","protected":false},"author":9,"featured_media":0,"comment_status":"closed","ping_status":"closed","sticky":false,"template":"","format":"standard","meta":{"footnotes":""},"categories":[1],"tags":[],"country":[],"class_list":["post-41779","post","type-post","status-publish","format-standard","hentry","category-article","entry"],"_links":{"self":[{"href":"https:\/\/castegnaro.preprod.web-sites.lu\/fr\/wp-json\/wp\/v2\/posts\/41779","targetHints":{"allow":["GET"]}}],"collection":[{"href":"https:\/\/castegnaro.preprod.web-sites.lu\/fr\/wp-json\/wp\/v2\/posts"}],"about":[{"href":"https:\/\/castegnaro.preprod.web-sites.lu\/fr\/wp-json\/wp\/v2\/types\/post"}],"author":[{"embeddable":true,"href":"https:\/\/castegnaro.preprod.web-sites.lu\/fr\/wp-json\/wp\/v2\/users\/9"}],"replies":[{"embeddable":true,"href":"https:\/\/castegnaro.preprod.web-sites.lu\/fr\/wp-json\/wp\/v2\/comments?post=41779"}],"version-history":[{"count":4,"href":"https:\/\/castegnaro.preprod.web-sites.lu\/fr\/wp-json\/wp\/v2\/posts\/41779\/revisions"}],"predecessor-version":[{"id":41783,"href":"https:\/\/castegnaro.preprod.web-sites.lu\/fr\/wp-json\/wp\/v2\/posts\/41779\/revisions\/41783"}],"wp:attachment":[{"href":"https:\/\/castegnaro.preprod.web-sites.lu\/fr\/wp-json\/wp\/v2\/media?parent=41779"}],"wp:term":[{"taxonomy":"category","embeddable":true,"href":"https:\/\/castegnaro.preprod.web-sites.lu\/fr\/wp-json\/wp\/v2\/categories?post=41779"},{"taxonomy":"post_tag","embeddable":true,"href":"https:\/\/castegnaro.preprod.web-sites.lu\/fr\/wp-json\/wp\/v2\/tags?post=41779"},{"taxonomy":"country","embeddable":true,"href":"https:\/\/castegnaro.preprod.web-sites.lu\/fr\/wp-json\/wp\/v2\/country?post=41779"}],"curies":[{"name":"wp","href":"https:\/\/api.w.org\/{rel}","templated":true}]}}