
{"id":41787,"date":"2024-01-19T11:30:59","date_gmt":"2024-01-19T10:30:59","guid":{"rendered":"https:\/\/castegnaro.lu\/?p=41787"},"modified":"2024-01-19T11:30:59","modified_gmt":"2024-01-19T10:30:59","slug":"vote-du-projet-de-loi-concernant-deux-jours-feries-qui-tombent-le-meme-jour","status":"publish","type":"post","link":"https:\/\/castegnaro.preprod.web-sites.lu\/fr\/vote-du-projet-de-loi-concernant-deux-jours-feries-qui-tombent-le-meme-jour\/","title":{"rendered":"Vote du projet de loi concernant deux jours f\u00e9ri\u00e9s qui tombent le m\u00eame jour"},"content":{"rendered":"<div name=\"module-insight-bloc-paragraph\" class=\"container-px-25 mt-30 paragraph-body-small lg:mt-20 lg:text-20\">\n    \n    <p>Le <a href=\"https:\/\/www.chd.lu\/fr\/dossier\/8266\">projet de loi n\u00b08266<\/a> a \u00e9t\u00e9 vot\u00e9 le 16 janvier 2024 et est actuellement en attente de dispense de second vote constitutionnel.<\/p>\n<p>Ce projet de loi entend clarifier la situation dans laquelle deux jours f\u00e9ri\u00e9s l\u00e9gaux tomberaient le m\u00eame jour, notamment pour 2024 o\u00f9 l\u2019Ascension et la journ\u00e9e de l\u2019Europe tombent tous les deux le 9 mai.<\/p>\n<p>Concernant la r\u00e9tribution et la compensation auxquelles le salari\u00e9 aurait droit en fonction notamment du fait qu\u2019il aurait ou non d\u00fb travailler le jour sur lequel tombe un jour f\u00e9ri\u00e9 l\u00e9gal, il est pr\u00e9vu d\u2019apporter les pr\u00e9cisions suivantes\u00a0:<\/p>\n<table>\n<tbody>\n<tr>\n<td width=\"301\">&nbsp;<\/p>\n<p><strong>Situations<\/strong><\/td>\n<td width=\"301\">&nbsp;<\/p>\n<p><strong>R\u00e9tribution et compensation pour le salari\u00e9<\/strong><\/p>\n<p>&nbsp;<\/td>\n<\/tr>\n<tr>\n<td width=\"301\">&nbsp;<\/p>\n<p><strong>\u00a0<\/strong><\/p>\n<p><strong>\u00a0<\/strong><\/p>\n<p><strong>\u00a0<\/strong><\/p>\n<p><strong>Deux jours f\u00e9ri\u00e9s l\u00e9gaux<\/strong> tombent sur <strong>un jour ouvrable pendant lequel le salari\u00e9 aurait travaill\u00e9<\/strong><\/p>\n<p>&nbsp;<\/td>\n<td width=\"301\">&nbsp;<\/p>\n<p>R\u00e9mun\u00e9ration du nombre d\u2019heures qui auraient normalement \u00e9t\u00e9 prest\u00e9es pendant ce jour au tarif horaire normal<\/p>\n<p>+<\/p>\n<p><strong>Jour de cong\u00e9 compensatoire pour le 2<sup>\u00e8me<\/sup> jour f\u00e9ri\u00e9 l\u00e9gal <\/strong>qui devrait \u00eatre accord\u00e9 dans un d\u00e9lai de 3 mois prenant cours le lendemain du jours f\u00e9ri\u00e9 consid\u00e9r\u00e9<\/p>\n<p>&nbsp;<\/td>\n<\/tr>\n<tr>\n<td width=\"301\">&nbsp;<\/p>\n<p><strong>\u00a0<\/strong><\/p>\n<p><strong>\u00a0<\/strong><\/p>\n<p><strong>\u00a0<\/strong><\/p>\n<p><strong>Deux jours f\u00e9ri\u00e9s l\u00e9gaux <\/strong>tombent sur <strong>un jour ouvrable pendant lequel le salari\u00e9 n\u2019aurait de toute fa\u00e7on pas travaill\u00e9<\/strong><\/p>\n<p>&nbsp;<\/td>\n<td width=\"301\">&nbsp;<\/p>\n<p>Jour de cong\u00e9 compensatoire qui devra \u00eatre accord\u00e9 dans un d\u00e9lai de 3 mois prenant cours le lendemain du jour f\u00e9ri\u00e9 consid\u00e9r\u00e9<\/p>\n<p>+<\/p>\n<p><strong>Jour de cong\u00e9 compensatoire pour le 2<sup>\u00e8me<\/sup> jour f\u00e9ri\u00e9 l\u00e9gal<\/strong> qui devrait \u00eatre accord\u00e9 dans un d\u00e9lai de 3 mois prenant cours le lendemain du jour f\u00e9ri\u00e9 consid\u00e9r\u00e9<\/p>\n<p>&nbsp;<\/td>\n<\/tr>\n<tr>\n<td width=\"301\">&nbsp;<\/p>\n<p>&nbsp;<\/p>\n<p><strong>\u00a0<\/strong><\/p>\n<p><strong>\u00a0<\/strong><\/p>\n<p><strong>\u00a0<\/strong><\/p>\n<p><strong>Deux jours f\u00e9ri\u00e9s l\u00e9gaux<\/strong> tombent sur <strong>un jour ouvrable pendant lequel le salari\u00e9 aurait seulement travaill\u00e9 4 heures ou moins<\/strong><\/p>\n<p>&nbsp;<\/td>\n<td width=\"301\">&nbsp;<\/p>\n<p>R\u00e9mun\u00e9ration du nombre d\u2019heures de travail qui auraient normalement \u00e9t\u00e9 prest\u00e9es pendant ce jour<\/p>\n<p>+<\/p>\n<p>Une \u00bd journ\u00e9e de cong\u00e9 compensatoire qui devra \u00eatre accord\u00e9e dans un d\u00e9lai de 3 mois prenant cours le lendemain du jour f\u00e9ri\u00e9 consid\u00e9r\u00e9<\/p>\n<p>+<\/p>\n<p><strong>Une \u00bd journ\u00e9e de cong\u00e9 compensatoire pour le 2<sup>\u00e8me<\/sup> jour f\u00e9ri\u00e9 l\u00e9gal<\/strong> qui devrait<\/p>\n<p>\u00eatre accord\u00e9e dans un d\u00e9lai de 3 mois prenant cours le lendemain du jour f\u00e9ri\u00e9 consid\u00e9r\u00e9<\/p>\n<p>&nbsp;<\/td>\n<\/tr>\n<tr>\n<td width=\"301\">&nbsp;<\/p>\n<p>&nbsp;<\/p>\n<p>&nbsp;<\/p>\n<p>&nbsp;<\/p>\n<p>&nbsp;<\/p>\n<p>&nbsp;<\/p>\n<p>&nbsp;<\/p>\n<p>&nbsp;<\/p>\n<p>Pour <strong>les salari\u00e9s oblig\u00e9s de travailler lors des jours f\u00e9ri\u00e9s l\u00e9gaux<\/strong>, si <strong>deux jours f\u00e9ri\u00e9s l\u00e9gaux tombent un m\u00eame jour<\/strong><\/p>\n<p>&nbsp;<\/td>\n<td width=\"301\">&nbsp;<\/p>\n<p>R\u00e9mun\u00e9ration du nombre d\u2019heures de travail qui auraient normalement \u00e9t\u00e9 prest\u00e9es pendant ce jour au tarif horaire normal<\/p>\n<p>+<\/p>\n<p>R\u00e9mun\u00e9ration des heures effectivement prest\u00e9es pendant ce jour au tarif horaire normal<\/p>\n<p>+<\/p>\n<p>Majoration de 100% du tarif horaire normal des heures effectivement prest\u00e9es pendant ce jour<\/p>\n<p>+<\/p>\n<p>Un <strong>jour de cong\u00e9 compensatoire pour le 2<sup>\u00e8me<\/sup> jour f\u00e9ri\u00e9 l\u00e9gal<\/strong> qui devrait<\/p>\n<p>\u00eatre accord\u00e9 dans un d\u00e9lai de 3 mois prenant cours le lendemain du jour f\u00e9ri\u00e9 consid\u00e9r\u00e9<\/p>\n<p>&nbsp;<\/td>\n<\/tr>\n<\/tbody>\n<\/table>\n<p>&nbsp;<\/p>\n   \n<\/div>","protected":false},"excerpt":{"rendered":"","protected":false},"author":9,"featured_media":0,"comment_status":"closed","ping_status":"closed","sticky":false,"template":"","format":"standard","meta":{"footnotes":""},"categories":[1],"tags":[],"country":[],"class_list":["post-41787","post","type-post","status-publish","format-standard","hentry","category-article","entry"],"_links":{"self":[{"href":"https:\/\/castegnaro.preprod.web-sites.lu\/fr\/wp-json\/wp\/v2\/posts\/41787","targetHints":{"allow":["GET"]}}],"collection":[{"href":"https:\/\/castegnaro.preprod.web-sites.lu\/fr\/wp-json\/wp\/v2\/posts"}],"about":[{"href":"https:\/\/castegnaro.preprod.web-sites.lu\/fr\/wp-json\/wp\/v2\/types\/post"}],"author":[{"embeddable":true,"href":"https:\/\/castegnaro.preprod.web-sites.lu\/fr\/wp-json\/wp\/v2\/users\/9"}],"replies":[{"embeddable":true,"href":"https:\/\/castegnaro.preprod.web-sites.lu\/fr\/wp-json\/wp\/v2\/comments?post=41787"}],"version-history":[{"count":4,"href":"https:\/\/castegnaro.preprod.web-sites.lu\/fr\/wp-json\/wp\/v2\/posts\/41787\/revisions"}],"predecessor-version":[{"id":41791,"href":"https:\/\/castegnaro.preprod.web-sites.lu\/fr\/wp-json\/wp\/v2\/posts\/41787\/revisions\/41791"}],"wp:attachment":[{"href":"https:\/\/castegnaro.preprod.web-sites.lu\/fr\/wp-json\/wp\/v2\/media?parent=41787"}],"wp:term":[{"taxonomy":"category","embeddable":true,"href":"https:\/\/castegnaro.preprod.web-sites.lu\/fr\/wp-json\/wp\/v2\/categories?post=41787"},{"taxonomy":"post_tag","embeddable":true,"href":"https:\/\/castegnaro.preprod.web-sites.lu\/fr\/wp-json\/wp\/v2\/tags?post=41787"},{"taxonomy":"country","embeddable":true,"href":"https:\/\/castegnaro.preprod.web-sites.lu\/fr\/wp-json\/wp\/v2\/country?post=41787"}],"curies":[{"name":"wp","href":"https:\/\/api.w.org\/{rel}","templated":true}]}}