
{"id":42461,"date":"2025-07-11T10:20:26","date_gmt":"2025-07-11T08:20:26","guid":{"rendered":"https:\/\/castegnaro.lu\/?p=42461"},"modified":"2025-07-11T10:20:27","modified_gmt":"2025-07-11T08:20:27","slug":"declaration-dobligation-generale-de-plusieurs-conventions-collective-de-travail","status":"publish","type":"post","link":"https:\/\/castegnaro.preprod.web-sites.lu\/fr\/declaration-dobligation-generale-de-plusieurs-conventions-collective-de-travail\/","title":{"rendered":"D\u00e9claration d\u2019obligation g\u00e9n\u00e9rale de plusieurs conventions collective de travail"},"content":{"rendered":"<div name=\"module-insight-bloc-paragraph\" class=\"container-px-25 mt-30 paragraph-body-small lg:mt-20 lg:text-20\">\n    \n    <p>Les conventions collectives de travail pour les salari\u00e9s du b\u00e2timent, du secteur d\u2019aides et de soins, du transport et logistiques et du secteur bancaire ont \u00e9t\u00e9 d\u00e9clar\u00e9es d\u2019obligation g\u00e9n\u00e9rale.<\/p>\n<ul>\n<li><a href=\"https:\/\/dowhs.r.a.d.sendibm1.com\/mk\/cl\/f\/sh\/SMK1E8tHeGEmAqQpnHI7qkOjqYSt\/cjJxBgrBl6qN\">R\u00e8glement grand-ducal du 27 juin 2025<\/a> portant d\u00e9claration d\u2019obligation g\u00e9n\u00e9rale de la Convention collective de travail pour les salari\u00e9s du secteur d\u2019aides et de soins et du secteur social 2025-2027, sign\u00e9e le 27 novembre 2024. La convention collective est valable 3 ans, du 1er janvier 2025 au 31 d\u00e9cembre 2027.<\/li>\n<\/ul>\n<p>&nbsp;<\/p>\n<ul>\n<li><a href=\"https:\/\/dowhs.r.a.d.sendibm1.com\/mk\/cl\/f\/sh\/SMK1E8tHeGLdczFmyRRbwZhTor39\/VaWOy2w2wE7H\">R\u00e8glement grand-ducal du 30 juin 2025<\/a> portant d\u00e9claration d\u2019obligation g\u00e9n\u00e9rale de la Convention collective de travail pour les salari\u00e9s du b\u00e2timent 2025, sign\u00e9e le 7 f\u00e9vrier 2025. La convention collective est valable 1 an pour l\u2019ann\u00e9e 2025.<\/li>\n<\/ul>\n<p>&nbsp;<\/p>\n<ul>\n<li><a href=\"https:\/\/dowhs.r.a.d.sendibm1.com\/mk\/cl\/f\/sh\/SMK1E8tHeGLdczFmyRRbwZhTor39\/7UvkGlqi3eB-\">R\u00e8glement grand-ducal du 3 juillet 2025<\/a> portant d\u00e9claration d\u2019obligation g\u00e9n\u00e9rale de la Convention collective de travail transports et logistique 2025-2026, sign\u00e9e le 12 d\u00e9cembre 2024 La convention collective est valable 2 ans, du 1er janvier 2025 au 31 d\u00e9cembre 2026..<\/li>\n<\/ul>\n<p>&nbsp;<\/p>\n<ul>\n<li><a href=\"https:\/\/dowhs.r.a.d.sendibm1.com\/mk\/cl\/f\/sh\/SMK1E8tHeGSV584k9bb62P0Dn9dP\/FSbPCMqWygio\">R\u00e8glement grand-ducal du 3 juillet 2025<\/a> portant d\u00e9claration d\u2019obligation g\u00e9n\u00e9rale de la Convention collective de travail pour les salari\u00e9s de banque 2024-2026, sign\u00e9e le 1er ao\u00fbt 2024. La convention collective est valable 3 ans, du 1er janvier 2024 au 31 d\u00e9cembre 2026..<\/li>\n<\/ul>\n   \n<\/div>","protected":false},"excerpt":{"rendered":"","protected":false},"author":8,"featured_media":0,"comment_status":"closed","ping_status":"closed","sticky":false,"template":"","format":"standard","meta":{"footnotes":""},"categories":[1],"tags":[],"country":[433],"class_list":["post-42461","post","type-post","status-publish","format-standard","hentry","category-article","country-lu","entry"],"_links":{"self":[{"href":"https:\/\/castegnaro.preprod.web-sites.lu\/fr\/wp-json\/wp\/v2\/posts\/42461","targetHints":{"allow":["GET"]}}],"collection":[{"href":"https:\/\/castegnaro.preprod.web-sites.lu\/fr\/wp-json\/wp\/v2\/posts"}],"about":[{"href":"https:\/\/castegnaro.preprod.web-sites.lu\/fr\/wp-json\/wp\/v2\/types\/post"}],"author":[{"embeddable":true,"href":"https:\/\/castegnaro.preprod.web-sites.lu\/fr\/wp-json\/wp\/v2\/users\/8"}],"replies":[{"embeddable":true,"href":"https:\/\/castegnaro.preprod.web-sites.lu\/fr\/wp-json\/wp\/v2\/comments?post=42461"}],"version-history":[{"count":16,"href":"https:\/\/castegnaro.preprod.web-sites.lu\/fr\/wp-json\/wp\/v2\/posts\/42461\/revisions"}],"predecessor-version":[{"id":42478,"href":"https:\/\/castegnaro.preprod.web-sites.lu\/fr\/wp-json\/wp\/v2\/posts\/42461\/revisions\/42478"}],"wp:attachment":[{"href":"https:\/\/castegnaro.preprod.web-sites.lu\/fr\/wp-json\/wp\/v2\/media?parent=42461"}],"wp:term":[{"taxonomy":"category","embeddable":true,"href":"https:\/\/castegnaro.preprod.web-sites.lu\/fr\/wp-json\/wp\/v2\/categories?post=42461"},{"taxonomy":"post_tag","embeddable":true,"href":"https:\/\/castegnaro.preprod.web-sites.lu\/fr\/wp-json\/wp\/v2\/tags?post=42461"},{"taxonomy":"country","embeddable":true,"href":"https:\/\/castegnaro.preprod.web-sites.lu\/fr\/wp-json\/wp\/v2\/country?post=42461"}],"curies":[{"name":"wp","href":"https:\/\/api.w.org\/{rel}","templated":true}]}}