
{"id":42791,"date":"2025-12-04T08:00:00","date_gmt":"2025-12-04T07:00:00","guid":{"rendered":"https:\/\/castegnaro.lu\/?p=42791"},"modified":"2025-12-03T16:57:53","modified_gmt":"2025-12-03T15:57:53","slug":"le-luxembourg-adopte-le-plan-daction-national-sur-lelimination-de-toutes-les-formes-de-discrimination-raciale-pan-ar","status":"publish","type":"post","link":"https:\/\/castegnaro.preprod.web-sites.lu\/fr\/le-luxembourg-adopte-le-plan-daction-national-sur-lelimination-de-toutes-les-formes-de-discrimination-raciale-pan-ar\/","title":{"rendered":"Le Luxembourg adopte le Plan d&rsquo;action national sur l&rsquo;\u00e9limination de toutes les formes de discrimination raciale (PAN AR)"},"content":{"rendered":"<div name=\"module-insight-bloc-paragraph\" class=\"container-px-25 mt-30 paragraph-body-small lg:mt-20 lg:text-20\">\n    \n    <p>En coordination avec le ministre de la Famille et le ministre du Logement, le <a href=\"https:\/\/dowhs.r.sp1-brevo.net\/mk\/cl\/f\/sh\/SMK1E8tHeG7uihbsc78dkv5zsFsd\/IabHVDD9l4Y4\">ministre du Travail a pr\u00e9sent\u00e9 le 1<sup>er<\/sup> d\u00e9cembre 2025<\/a> le Plan d&rsquo;action national de mise en \u0153uvre de la Convention internationale sur l&rsquo;\u00e9limination de toutes les formes de discrimination raciale (PAN AR).<\/p>\n<p>Avec un total de 23 objectifs d\u00e9clin\u00e9s en 118 actions concr\u00e8tes, le PAN AR a pour objectif de soutenir la lutte contre le racisme et toute forme de discrimination raciale, renforcer l\u2019\u00e9galit\u00e9 et soutenir la coh\u00e9sion sociale au Luxembourg. Celui-ci aborde les domaines de l\u2019\u00e9ducation, du travail et du logement.<\/p>\n<p>Le PAN AR fixe diff\u00e9rents objectifs et actions qui seront d\u00e9clin\u00e9s notamment dans le domaine de l&#8217;emploi.<br \/>\nLes objectifs fix\u00e9s par le Plan dans le contexte du travail sont pour le moment :<\/p>\n<ul>\n<li>Sensibiliser les employeurs et les salari\u00e9\u00b7e\u00b7s \u00e0 la d\u00e9tection, la pr\u00e9vention et la gestion des situations de racisme au travail.<\/li>\n<li>Sensibiliser le personnel des ressources humaines \u00e0 la discrimination raciale dans les processus de recrutement et les encourager \u00e0 adopter des pratiques concr\u00e8tes pour la pr\u00e9venir et la combattre.<\/li>\n<li>Informer et sensibiliser les victimes et t\u00e9moins de discrimination raciale au travail sur leurs droits et les d\u00e9marches \u00e0 suivre pour signaler les faits.<\/li>\n<li>D\u00e9cliner le label \u00ab Je m\u2019engage contre le racisme \u00bb au monde des entreprises.<\/li>\n<\/ul>\n<p>&nbsp;<\/p>\n<p>L&rsquo;une des principales actions pour parvenir \u00e0 ces objectifs se mat\u00e9rialise par l&rsquo;\u00e9largissement des catalogues de formations professionnelles aux questions li\u00e9es aux discriminations fond\u00e9es sur l&rsquo;appartenance ethno-raciale.<\/p>\n<p>Le PAN AR est accessible en ligne sur le lien suivant : <a href=\"https:\/\/dowhs.r.sp1-brevo.net\/mk\/cl\/f\/sh\/SMK1E8tHeGEmAqQpnHI7qkOjqYSt\/RoPgCQ_mODVn\">https:\/\/gouvernement.lu\/dam-assets\/images-documents\/actualites\/2025\/12\/01-pan-discrimination-raciale\/documents\/pan-ar.pdf<\/a><\/p>\n   \n<\/div>","protected":false},"excerpt":{"rendered":"","protected":false},"author":8,"featured_media":0,"comment_status":"closed","ping_status":"closed","sticky":false,"template":"","format":"standard","meta":{"footnotes":""},"categories":[1],"tags":[],"country":[433],"class_list":["post-42791","post","type-post","status-publish","format-standard","hentry","category-article","country-lu","entry"],"_links":{"self":[{"href":"https:\/\/castegnaro.preprod.web-sites.lu\/fr\/wp-json\/wp\/v2\/posts\/42791","targetHints":{"allow":["GET"]}}],"collection":[{"href":"https:\/\/castegnaro.preprod.web-sites.lu\/fr\/wp-json\/wp\/v2\/posts"}],"about":[{"href":"https:\/\/castegnaro.preprod.web-sites.lu\/fr\/wp-json\/wp\/v2\/types\/post"}],"author":[{"embeddable":true,"href":"https:\/\/castegnaro.preprod.web-sites.lu\/fr\/wp-json\/wp\/v2\/users\/8"}],"replies":[{"embeddable":true,"href":"https:\/\/castegnaro.preprod.web-sites.lu\/fr\/wp-json\/wp\/v2\/comments?post=42791"}],"version-history":[{"count":8,"href":"https:\/\/castegnaro.preprod.web-sites.lu\/fr\/wp-json\/wp\/v2\/posts\/42791\/revisions"}],"predecessor-version":[{"id":42800,"href":"https:\/\/castegnaro.preprod.web-sites.lu\/fr\/wp-json\/wp\/v2\/posts\/42791\/revisions\/42800"}],"wp:attachment":[{"href":"https:\/\/castegnaro.preprod.web-sites.lu\/fr\/wp-json\/wp\/v2\/media?parent=42791"}],"wp:term":[{"taxonomy":"category","embeddable":true,"href":"https:\/\/castegnaro.preprod.web-sites.lu\/fr\/wp-json\/wp\/v2\/categories?post=42791"},{"taxonomy":"post_tag","embeddable":true,"href":"https:\/\/castegnaro.preprod.web-sites.lu\/fr\/wp-json\/wp\/v2\/tags?post=42791"},{"taxonomy":"country","embeddable":true,"href":"https:\/\/castegnaro.preprod.web-sites.lu\/fr\/wp-json\/wp\/v2\/country?post=42791"}],"curies":[{"name":"wp","href":"https:\/\/api.w.org\/{rel}","templated":true}]}}