
{"id":42899,"date":"2026-01-21T09:50:35","date_gmt":"2026-01-21T08:50:35","guid":{"rendered":"https:\/\/castegnaro.lu\/?p=42899"},"modified":"2026-01-21T09:50:39","modified_gmt":"2026-01-21T08:50:39","slug":"lenvoi-de-donnees-confidentielles-a-une-adresse-electronique-privee-constitue-une-faute-grave","status":"publish","type":"post","link":"https:\/\/castegnaro.preprod.web-sites.lu\/fr\/lenvoi-de-donnees-confidentielles-a-une-adresse-electronique-privee-constitue-une-faute-grave\/","title":{"rendered":"L&rsquo;envoi de donn\u00e9es confidentielles \u00e0 une adresse \u00e9lectronique priv\u00e9e constitue une faute grave"},"content":{"rendered":"<div name=\"module-insight-bloc-paragraph\" class=\"container-px-25 mt-30 paragraph-body-small lg:mt-20 lg:text-20\">\n    \n    <p>Le 30 septembre 2025, le Tribunal du travail de et \u00e0 Luxembourg a rendu un <a href=\"https:\/\/dowhs.r.sp1-brevo.net\/mk\/cl\/f\/sh\/SMK1E8tHeG7uihbsc78dkv5zsFsd\/pLfFU6FABSZa\">jugement<\/a> sur le licenciement d&rsquo;un salari\u00e9 qui avait divulgu\u00e9 des donn\u00e9es professionnelles confidentielles \u00e0 un tiers.<\/p>\n<ul>\n<li><strong>Les faits :<\/strong>\u00a0le salari\u00e9 avait envoy\u00e9 par courrier \u00e9lectronique des documents professionnels contenant des informations confidentielles \u00e0 son ancien sup\u00e9rieur hi\u00e9rarchique (\u00e0 la fois \u00e0 ses adresses \u00e9lectroniques priv\u00e9e et professionnelle). Le sup\u00e9rieur hi\u00e9rarchique avait \u00e9t\u00e9 licenci\u00e9 quelques jours auparavant.<\/li>\n<li><strong>Les arguments du salari\u00e9 :<\/strong> le salari\u00e9 n&rsquo;a pas ni\u00e9 les faits, mais a fait valoir qu&rsquo;il avait envoy\u00e9 les documents de bonne foi, pensant que le \u00a0sup\u00e9rieur hi\u00e9rarchique faisait toujours partie de l&rsquo;\u00e9quipe. Sur cette base, il a demand\u00e9 au Tribunal de constater le caract\u00e8re abusif du licenciement.<\/li>\n<li><strong>Les arguments de l\u2019employeur :<\/strong> l\u2019employeur a argument\u00e9 que la fuite avait expos\u00e9 l&rsquo;entreprise, entra\u00een\u00e9 la perte d&rsquo;un client et cr\u00e9\u00e9 un risque de sanction financi\u00e8re de la part de la CNPD. L&#8217;employeur a \u00e9galement fait remarquer que le salari\u00e9 \u00e9tait en vacances le jour de l&rsquo;envoi du courriel et qu&rsquo;il n&rsquo;aurait donc pas d\u00fb traiter de telles informations. Enfin, la tentative du salari\u00e9 de rappeler le message envoy\u00e9 \u00e0 l&rsquo;adresse \u00e9lectronique professionnelle de son ancien sup\u00e9rieur hi\u00e9rarchique et non \u00e0 son adresse priv\u00e9e, prouvait qu&rsquo;il \u00e9tait conscient que son comportement n&rsquo;\u00e9tait pas conforme.<\/li>\n<li><strong>La conclusion :<\/strong> le Tribunal a rappel\u00e9 que l\u2019envoi de courriels professionnels, en particulier ceux contenant des informations confidentielles, vers une adresse de messagerie priv\u00e9e, enfreignait les exigences de base en mati\u00e8re de s\u00e9curit\u00e9 informatique. Avec plus de 35 ans d&rsquo;exp\u00e9rience dans son domaine, le salari\u00e9 aurait d\u00fb savoir ce qui constituait une information confidentielle. Le Tribunal en a conclu que ce comportement constituait une faute grave.<\/li>\n<\/ul>\n<p>&nbsp;<\/p>\n<p>Dans cette affaire, l\u2019anciennet\u00e9 a \u00e9t\u00e9 appr\u00e9ci\u00e9e comme facteur aggravant de la faute qui lui \u00e9tait reproch\u00e9e. Cette d\u00e9cision d\u00e9montre que les circonstances de l\u2019esp\u00e8ce sont toujours d\u00e9terminantes lorsqu\u2019il s\u2019agit de caract\u00e9riser une faute grave.<\/p>\n<p>&nbsp;<\/p>\n<p>Des questions ? N\u2019h\u00e9sitez \u00e0 contacter notre\u00a0<a href=\"mailto:contact@castegnaro.lu\">\u00e9quipe d\u2019experts<\/a>\u00a0!<\/p>\n   \n<\/div>","protected":false},"excerpt":{"rendered":"","protected":false},"author":8,"featured_media":0,"comment_status":"closed","ping_status":"closed","sticky":false,"template":"","format":"standard","meta":{"footnotes":""},"categories":[1],"tags":[],"country":[433],"class_list":["post-42899","post","type-post","status-publish","format-standard","hentry","category-article","country-lu","entry"],"_links":{"self":[{"href":"https:\/\/castegnaro.preprod.web-sites.lu\/fr\/wp-json\/wp\/v2\/posts\/42899","targetHints":{"allow":["GET"]}}],"collection":[{"href":"https:\/\/castegnaro.preprod.web-sites.lu\/fr\/wp-json\/wp\/v2\/posts"}],"about":[{"href":"https:\/\/castegnaro.preprod.web-sites.lu\/fr\/wp-json\/wp\/v2\/types\/post"}],"author":[{"embeddable":true,"href":"https:\/\/castegnaro.preprod.web-sites.lu\/fr\/wp-json\/wp\/v2\/users\/8"}],"replies":[{"embeddable":true,"href":"https:\/\/castegnaro.preprod.web-sites.lu\/fr\/wp-json\/wp\/v2\/comments?post=42899"}],"version-history":[{"count":3,"href":"https:\/\/castegnaro.preprod.web-sites.lu\/fr\/wp-json\/wp\/v2\/posts\/42899\/revisions"}],"predecessor-version":[{"id":42902,"href":"https:\/\/castegnaro.preprod.web-sites.lu\/fr\/wp-json\/wp\/v2\/posts\/42899\/revisions\/42902"}],"wp:attachment":[{"href":"https:\/\/castegnaro.preprod.web-sites.lu\/fr\/wp-json\/wp\/v2\/media?parent=42899"}],"wp:term":[{"taxonomy":"category","embeddable":true,"href":"https:\/\/castegnaro.preprod.web-sites.lu\/fr\/wp-json\/wp\/v2\/categories?post=42899"},{"taxonomy":"post_tag","embeddable":true,"href":"https:\/\/castegnaro.preprod.web-sites.lu\/fr\/wp-json\/wp\/v2\/tags?post=42899"},{"taxonomy":"country","embeddable":true,"href":"https:\/\/castegnaro.preprod.web-sites.lu\/fr\/wp-json\/wp\/v2\/country?post=42899"}],"curies":[{"name":"wp","href":"https:\/\/api.w.org\/{rel}","templated":true}]}}